{"id":5582,"date":"2023-04-06T15:36:00","date_gmt":"2023-04-06T13:36:00","guid":{"rendered":"https:\/\/www.lernreg.de\/?p=5582"},"modified":"2023-04-06T15:40:21","modified_gmt":"2023-04-06T13:40:21","slug":"umgang-mit-persoenlicher-belastung","status":"publish","type":"post","link":"https:\/\/www.lernreg.de\/index.php\/2023\/04\/06\/umgang-mit-persoenlicher-belastung\/","title":{"rendered":"Online-Seminar &#8222;Umgang mit pers\u00f6nlicher Belastung&#8220;"},"content":{"rendered":"<p>Die lagfa bayern e.V. veranstaltet am <strong>18.04.2023 von 18:30 Uhr bis 19:30 Uhr<\/strong> ein Online-Seminar zum Thema &#8222;Umgang mit pers\u00f6nlicher Belastung&#8220;.<\/p>\n<p>Auf Krisen und Notf\u00e4lle treffen Ehrenamtliche im Engagement f\u00fcr Gefl\u00fcchtete nicht selten. Leicht k\u00f6nnen die Schicksale anderer zur eigenen Belastung werden. Deshalb dreht sich heute alles um die eigene Psychohygiene. Wie entlaste ich mich selbst? Wie grenze ich mich von den Schicksalen der Gefl\u00fcchteten ab und mit welchen Handlungsstrategien kann ich mich im Fall der F\u00e4lle stabilisieren? TRIGG nimmt Sie mit in die Welt von \u201cIch zuerst\u201d und unterst\u00fctzt Sie dabei eine eigene Haltung in Bezug auf N\u00e4he und Distanz zu erarbeiten.<\/p>\n<p>Diese Veranstaltung richtet sich explizit an alle, die im Asyl- und Fl\u00fcchtlingsbereich t\u00e4tig sind. Sie ist f\u00fcr Sie kostenfrei und ein Teil des\u00a0Qualifizierungsprogramms \u201cKompetente Sprachbegleitung von Gefl\u00fcchteten\u201d.<\/p>\n<p><strong>Anmeldungen bitte bis Donnerstag den 13.04.2023<\/strong> unter <a href=\"mailto:doris.duerr@lernreg.de\">doris.duerr@lernreg.de<\/a> oder <a href=\"mailto:maria.dirnberger@lernreg.de\">maria.dirnberger@lernreg.de<\/a> oder<\/p>\n<p>Tel. 09431 471-606.<\/p>\n<p>&nbsp;<\/p>\n<p><strong>Wichtig:<\/strong><\/p>\n<p><strong>Die Teilnahme erfolgt \u00fcber die Online-Plattform Zoom. F\u00fcr Teilnehmer, die die Veranstaltung nicht \u00fcber den eigenen PC von zuhause besuchen k\u00f6nnen, wird ein Raum zur gemeinschaftlichen Teilnahme im Landratsamt Schwandorf reserviert. Da hier die Pl\u00e4tze begrenzt sind, geben Sie uns bitte bei der Anmeldung Bescheid, wenn Sie dies in Anspruch nehmen m\u00f6chten!<\/strong><\/p>\n","protected":false},"excerpt":{"rendered":"<p>Die lagfa bayern e.V. veranstaltet am 18.04.2023 von 18:30 Uhr bis 19:30 Uhr ein Online-Seminar zum Thema &#8222;Umgang mit pers\u00f6nlicher Belastung&#8220;. Auf Krisen und Notf\u00e4lle treffen Ehrenamtliche im Engagement f\u00fcr Gefl\u00fcchtete nicht selten. Leicht k\u00f6nnen die Schicksale anderer zur eigenen Belastung werden. Deshalb dreht sich heute alles um die eigene Psychohygiene. Wie entlaste ich mich [&hellip;]<\/p>\n","protected":false},"author":1,"featured_media":5577,"comment_status":"closed","ping_status":"closed","sticky":false,"template":"","format":"standard","meta":{"footnotes":""},"categories":[1,35],"tags":[],"class_list":["post-5582","post","type-post","status-publish","format-standard","has-post-thumbnail","hentry","category-allgemein","category-integration"],"yoast_head":"<!-- This site is optimized with the Yoast SEO plugin v26.4 - https:\/\/yoast.com\/wordpress\/plugins\/seo\/ -->\n<title>Online-Seminar &quot;Umgang mit pers\u00f6nlicher Belastung&quot; - Lernende Region Schwandorf<\/title>\n<meta name=\"robots\" content=\"index, follow, max-snippet:-1, max-image-preview:large, max-video-preview:-1\" \/>\n<link rel=\"canonical\" href=\"https:\/\/www.lernreg.de\/index.php\/2023\/04\/06\/umgang-mit-persoenlicher-belastung\/\" \/>\n<meta property=\"og:locale\" content=\"de_DE\" \/>\n<meta property=\"og:type\" content=\"article\" \/>\n<meta property=\"og:title\" content=\"Online-Seminar &quot;Umgang mit pers\u00f6nlicher Belastung&quot; - Lernende Region Schwandorf\" \/>\n<meta property=\"og:description\" content=\"Die lagfa bayern e.V. veranstaltet am 18.04.2023 von 18:30 Uhr bis 19:30 Uhr ein Online-Seminar zum Thema &#8222;Umgang mit pers\u00f6nlicher Belastung&#8220;. Auf Krisen und Notf\u00e4lle treffen Ehrenamtliche im Engagement f\u00fcr Gefl\u00fcchtete nicht selten. Leicht k\u00f6nnen die Schicksale anderer zur eigenen Belastung werden. Deshalb dreht sich heute alles um die eigene Psychohygiene. Wie entlaste ich mich [&hellip;]\" \/>\n<meta property=\"og:url\" content=\"https:\/\/www.lernreg.de\/index.php\/2023\/04\/06\/umgang-mit-persoenlicher-belastung\/\" \/>\n<meta property=\"og:site_name\" content=\"Lernende Region Schwandorf\" \/>\n<meta property=\"article:published_time\" content=\"2023-04-06T13:36:00+00:00\" \/>\n<meta property=\"article:modified_time\" content=\"2023-04-06T13:40:21+00:00\" \/>\n<meta property=\"og:image\" content=\"https:\/\/www.lernreg.de\/wp-content\/uploads\/2023\/04\/Onlineveranstaltung-im-LRA-Maerz-2023-1.jpg\" \/>\n\t<meta property=\"og:image:width\" content=\"2048\" \/>\n\t<meta property=\"og:image:height\" content=\"1536\" \/>\n\t<meta property=\"og:image:type\" content=\"image\/jpeg\" \/>\n<meta name=\"author\" content=\"LernReg\" \/>\n<meta name=\"twitter:card\" content=\"summary_large_image\" \/>\n<meta name=\"twitter:label1\" content=\"Verfasst von\" \/>\n\t<meta name=\"twitter:data1\" content=\"LernReg\" \/>\n\t<meta name=\"twitter:label2\" content=\"Gesch\u00e4tzte Lesezeit\" \/>\n\t<meta name=\"twitter:data2\" content=\"1\u00a0Minute\" \/>\n<script type=\"application\/ld+json\" class=\"yoast-schema-graph\">{\"@context\":\"https:\/\/schema.org\",\"@graph\":[{\"@type\":\"Article\",\"@id\":\"https:\/\/www.lernreg.de\/index.php\/2023\/04\/06\/umgang-mit-persoenlicher-belastung\/#article\",\"isPartOf\":{\"@id\":\"https:\/\/www.lernreg.de\/index.php\/2023\/04\/06\/umgang-mit-persoenlicher-belastung\/\"},\"author\":{\"name\":\"LernReg\",\"@id\":\"https:\/\/www.lernreg.de\/#\/schema\/person\/227b8b33a0ebfc2dbe1596acf4671ece\"},\"headline\":\"Online-Seminar &#8222;Umgang mit pers\u00f6nlicher Belastung&#8220;\",\"datePublished\":\"2023-04-06T13:36:00+00:00\",\"dateModified\":\"2023-04-06T13:40:21+00:00\",\"mainEntityOfPage\":{\"@id\":\"https:\/\/www.lernreg.de\/index.php\/2023\/04\/06\/umgang-mit-persoenlicher-belastung\/\"},\"wordCount\":224,\"publisher\":{\"@id\":\"https:\/\/www.lernreg.de\/#organization\"},\"image\":{\"@id\":\"https:\/\/www.lernreg.de\/index.php\/2023\/04\/06\/umgang-mit-persoenlicher-belastung\/#primaryimage\"},\"thumbnailUrl\":\"https:\/\/www.lernreg.de\/wp-content\/uploads\/2023\/04\/Onlineveranstaltung-im-LRA-Maerz-2023-1.jpg\",\"articleSection\":{\"1\":\"Integration\"},\"inLanguage\":\"de\"},{\"@type\":\"WebPage\",\"@id\":\"https:\/\/www.lernreg.de\/index.php\/2023\/04\/06\/umgang-mit-persoenlicher-belastung\/\",\"url\":\"https:\/\/www.lernreg.de\/index.php\/2023\/04\/06\/umgang-mit-persoenlicher-belastung\/\",\"name\":\"Online-Seminar \\\"Umgang mit pers\u00f6nlicher Belastung\\\" - Lernende Region Schwandorf\",\"isPartOf\":{\"@id\":\"https:\/\/www.lernreg.de\/#website\"},\"primaryImageOfPage\":{\"@id\":\"https:\/\/www.lernreg.de\/index.php\/2023\/04\/06\/umgang-mit-persoenlicher-belastung\/#primaryimage\"},\"image\":{\"@id\":\"https:\/\/www.lernreg.de\/index.php\/2023\/04\/06\/umgang-mit-persoenlicher-belastung\/#primaryimage\"},\"thumbnailUrl\":\"https:\/\/www.lernreg.de\/wp-content\/uploads\/2023\/04\/Onlineveranstaltung-im-LRA-Maerz-2023-1.jpg\",\"datePublished\":\"2023-04-06T13:36:00+00:00\",\"dateModified\":\"2023-04-06T13:40:21+00:00\",\"breadcrumb\":{\"@id\":\"https:\/\/www.lernreg.de\/index.php\/2023\/04\/06\/umgang-mit-persoenlicher-belastung\/#breadcrumb\"},\"inLanguage\":\"de\",\"potentialAction\":[{\"@type\":\"ReadAction\",\"target\":[\"https:\/\/www.lernreg.de\/index.php\/2023\/04\/06\/umgang-mit-persoenlicher-belastung\/\"]}]},{\"@type\":\"ImageObject\",\"inLanguage\":\"de\",\"@id\":\"https:\/\/www.lernreg.de\/index.php\/2023\/04\/06\/umgang-mit-persoenlicher-belastung\/#primaryimage\",\"url\":\"https:\/\/www.lernreg.de\/wp-content\/uploads\/2023\/04\/Onlineveranstaltung-im-LRA-Maerz-2023-1.jpg\",\"contentUrl\":\"https:\/\/www.lernreg.de\/wp-content\/uploads\/2023\/04\/Onlineveranstaltung-im-LRA-Maerz-2023-1.jpg\",\"width\":2048,\"height\":1536},{\"@type\":\"BreadcrumbList\",\"@id\":\"https:\/\/www.lernreg.de\/index.php\/2023\/04\/06\/umgang-mit-persoenlicher-belastung\/#breadcrumb\",\"itemListElement\":[{\"@type\":\"ListItem\",\"position\":1,\"name\":\"Startseite\",\"item\":\"https:\/\/www.lernreg.de\/index.php\/homepage\/\"},{\"@type\":\"ListItem\",\"position\":2,\"name\":\"Online-Seminar &#8222;Umgang mit pers\u00f6nlicher Belastung&#8220;\"}]},{\"@type\":\"WebSite\",\"@id\":\"https:\/\/www.lernreg.de\/#website\",\"url\":\"https:\/\/www.lernreg.de\/\",\"name\":\"Lernende Region Schwandorf\",\"description\":\"Freiwilligenagentur, Bildung\",\"publisher\":{\"@id\":\"https:\/\/www.lernreg.de\/#organization\"},\"potentialAction\":[{\"@type\":\"SearchAction\",\"target\":{\"@type\":\"EntryPoint\",\"urlTemplate\":\"https:\/\/www.lernreg.de\/?s={search_term_string}\"},\"query-input\":{\"@type\":\"PropertyValueSpecification\",\"valueRequired\":true,\"valueName\":\"search_term_string\"}}],\"inLanguage\":\"de\"},{\"@type\":\"Organization\",\"@id\":\"https:\/\/www.lernreg.de\/#organization\",\"name\":\"Die Lernende Region Schwandorf e.V. ist ein regionales Netzwerk f\u00fcr den Landkreis Schwandorf mit den Schwerpunkten\u00a0Bildung\u00a0und\u00a0Ehrenamt: Im\u00a0Bildungsbereich\u00a0strebt die Lernende Region Schwandorf eine nachhaltige Verbesserung der Ausbildungs-, Besch\u00e4ftigungs- und Lebenssituation aller B\u00fcrgerinnen und B\u00fcrger\u00a0der Region an. Beispiele hierf\u00fcr sind die j\u00e4hrliche Bildungsmesse in Maxh\u00fctte-Haidhof sowie die Durchf\u00fchrung des Projekts \u201eMINT-Netzwerke Bayern\u201c.\",\"url\":\"https:\/\/www.lernreg.de\/\",\"logo\":{\"@type\":\"ImageObject\",\"inLanguage\":\"de\",\"@id\":\"https:\/\/www.lernreg.de\/#\/schema\/logo\/image\/\",\"url\":\"https:\/\/www.lernreg.de\/wp-content\/uploads\/2021\/08\/Logo-LernReg-transparent.png\",\"contentUrl\":\"https:\/\/www.lernreg.de\/wp-content\/uploads\/2021\/08\/Logo-LernReg-transparent.png\",\"width\":400,\"height\":228,\"caption\":\"Die Lernende Region Schwandorf e.V. ist ein regionales Netzwerk f\u00fcr den Landkreis Schwandorf mit den Schwerpunkten\u00a0Bildung\u00a0und\u00a0Ehrenamt: Im\u00a0Bildungsbereich\u00a0strebt die Lernende Region Schwandorf eine nachhaltige Verbesserung der Ausbildungs-, Besch\u00e4ftigungs- und Lebenssituation aller B\u00fcrgerinnen und B\u00fcrger\u00a0der Region an. Beispiele hierf\u00fcr sind die j\u00e4hrliche Bildungsmesse in Maxh\u00fctte-Haidhof sowie die Durchf\u00fchrung des Projekts \u201eMINT-Netzwerke Bayern\u201c.\"},\"image\":{\"@id\":\"https:\/\/www.lernreg.de\/#\/schema\/logo\/image\/\"}},{\"@type\":\"Person\",\"@id\":\"https:\/\/www.lernreg.de\/#\/schema\/person\/227b8b33a0ebfc2dbe1596acf4671ece\",\"name\":\"LernReg\",\"image\":{\"@type\":\"ImageObject\",\"inLanguage\":\"de\",\"@id\":\"https:\/\/www.lernreg.de\/#\/schema\/person\/image\/\",\"url\":\"https:\/\/secure.gravatar.com\/avatar\/904ae998438465e0862e532044f58656986830dc433f757b90cf352160d05946?s=96&d=mm&r=g\",\"contentUrl\":\"https:\/\/secure.gravatar.com\/avatar\/904ae998438465e0862e532044f58656986830dc433f757b90cf352160d05946?s=96&d=mm&r=g\",\"caption\":\"LernReg\"},\"sameAs\":[\"https:\/\/www.lernreg.de\/Neues%20Verzeichnis\/wordpress\"],\"url\":\"https:\/\/www.lernreg.de\/index.php\/author\/lernreg\/\"}]}<\/script>\n<!-- \/ Yoast SEO plugin. -->","yoast_head_json":{"title":"Online-Seminar \"Umgang mit pers\u00f6nlicher Belastung\" - Lernende Region Schwandorf","robots":{"index":"index","follow":"follow","max-snippet":"max-snippet:-1","max-image-preview":"max-image-preview:large","max-video-preview":"max-video-preview:-1"},"canonical":"https:\/\/www.lernreg.de\/index.php\/2023\/04\/06\/umgang-mit-persoenlicher-belastung\/","og_locale":"de_DE","og_type":"article","og_title":"Online-Seminar \"Umgang mit pers\u00f6nlicher Belastung\" - Lernende Region Schwandorf","og_description":"Die lagfa bayern e.V. veranstaltet am 18.04.2023 von 18:30 Uhr bis 19:30 Uhr ein Online-Seminar zum Thema &#8222;Umgang mit pers\u00f6nlicher Belastung&#8220;. Auf Krisen und Notf\u00e4lle treffen Ehrenamtliche im Engagement f\u00fcr Gefl\u00fcchtete nicht selten. Leicht k\u00f6nnen die Schicksale anderer zur eigenen Belastung werden. Deshalb dreht sich heute alles um die eigene Psychohygiene. Wie entlaste ich mich [&hellip;]","og_url":"https:\/\/www.lernreg.de\/index.php\/2023\/04\/06\/umgang-mit-persoenlicher-belastung\/","og_site_name":"Lernende Region Schwandorf","article_published_time":"2023-04-06T13:36:00+00:00","article_modified_time":"2023-04-06T13:40:21+00:00","og_image":[{"width":2048,"height":1536,"url":"https:\/\/www.lernreg.de\/wp-content\/uploads\/2023\/04\/Onlineveranstaltung-im-LRA-Maerz-2023-1.jpg","type":"image\/jpeg"}],"author":"LernReg","twitter_card":"summary_large_image","twitter_misc":{"Verfasst von":"LernReg","Gesch\u00e4tzte Lesezeit":"1\u00a0Minute"},"schema":{"@context":"https:\/\/schema.org","@graph":[{"@type":"Article","@id":"https:\/\/www.lernreg.de\/index.php\/2023\/04\/06\/umgang-mit-persoenlicher-belastung\/#article","isPartOf":{"@id":"https:\/\/www.lernreg.de\/index.php\/2023\/04\/06\/umgang-mit-persoenlicher-belastung\/"},"author":{"name":"LernReg","@id":"https:\/\/www.lernreg.de\/#\/schema\/person\/227b8b33a0ebfc2dbe1596acf4671ece"},"headline":"Online-Seminar &#8222;Umgang mit pers\u00f6nlicher Belastung&#8220;","datePublished":"2023-04-06T13:36:00+00:00","dateModified":"2023-04-06T13:40:21+00:00","mainEntityOfPage":{"@id":"https:\/\/www.lernreg.de\/index.php\/2023\/04\/06\/umgang-mit-persoenlicher-belastung\/"},"wordCount":224,"publisher":{"@id":"https:\/\/www.lernreg.de\/#organization"},"image":{"@id":"https:\/\/www.lernreg.de\/index.php\/2023\/04\/06\/umgang-mit-persoenlicher-belastung\/#primaryimage"},"thumbnailUrl":"https:\/\/www.lernreg.de\/wp-content\/uploads\/2023\/04\/Onlineveranstaltung-im-LRA-Maerz-2023-1.jpg","articleSection":{"1":"Integration"},"inLanguage":"de"},{"@type":"WebPage","@id":"https:\/\/www.lernreg.de\/index.php\/2023\/04\/06\/umgang-mit-persoenlicher-belastung\/","url":"https:\/\/www.lernreg.de\/index.php\/2023\/04\/06\/umgang-mit-persoenlicher-belastung\/","name":"Online-Seminar \"Umgang mit pers\u00f6nlicher Belastung\" - Lernende Region Schwandorf","isPartOf":{"@id":"https:\/\/www.lernreg.de\/#website"},"primaryImageOfPage":{"@id":"https:\/\/www.lernreg.de\/index.php\/2023\/04\/06\/umgang-mit-persoenlicher-belastung\/#primaryimage"},"image":{"@id":"https:\/\/www.lernreg.de\/index.php\/2023\/04\/06\/umgang-mit-persoenlicher-belastung\/#primaryimage"},"thumbnailUrl":"https:\/\/www.lernreg.de\/wp-content\/uploads\/2023\/04\/Onlineveranstaltung-im-LRA-Maerz-2023-1.jpg","datePublished":"2023-04-06T13:36:00+00:00","dateModified":"2023-04-06T13:40:21+00:00","breadcrumb":{"@id":"https:\/\/www.lernreg.de\/index.php\/2023\/04\/06\/umgang-mit-persoenlicher-belastung\/#breadcrumb"},"inLanguage":"de","potentialAction":[{"@type":"ReadAction","target":["https:\/\/www.lernreg.de\/index.php\/2023\/04\/06\/umgang-mit-persoenlicher-belastung\/"]}]},{"@type":"ImageObject","inLanguage":"de","@id":"https:\/\/www.lernreg.de\/index.php\/2023\/04\/06\/umgang-mit-persoenlicher-belastung\/#primaryimage","url":"https:\/\/www.lernreg.de\/wp-content\/uploads\/2023\/04\/Onlineveranstaltung-im-LRA-Maerz-2023-1.jpg","contentUrl":"https:\/\/www.lernreg.de\/wp-content\/uploads\/2023\/04\/Onlineveranstaltung-im-LRA-Maerz-2023-1.jpg","width":2048,"height":1536},{"@type":"BreadcrumbList","@id":"https:\/\/www.lernreg.de\/index.php\/2023\/04\/06\/umgang-mit-persoenlicher-belastung\/#breadcrumb","itemListElement":[{"@type":"ListItem","position":1,"name":"Startseite","item":"https:\/\/www.lernreg.de\/index.php\/homepage\/"},{"@type":"ListItem","position":2,"name":"Online-Seminar &#8222;Umgang mit pers\u00f6nlicher Belastung&#8220;"}]},{"@type":"WebSite","@id":"https:\/\/www.lernreg.de\/#website","url":"https:\/\/www.lernreg.de\/","name":"Lernende Region Schwandorf","description":"Freiwilligenagentur, Bildung","publisher":{"@id":"https:\/\/www.lernreg.de\/#organization"},"potentialAction":[{"@type":"SearchAction","target":{"@type":"EntryPoint","urlTemplate":"https:\/\/www.lernreg.de\/?s={search_term_string}"},"query-input":{"@type":"PropertyValueSpecification","valueRequired":true,"valueName":"search_term_string"}}],"inLanguage":"de"},{"@type":"Organization","@id":"https:\/\/www.lernreg.de\/#organization","name":"Die Lernende Region Schwandorf e.V. ist ein regionales Netzwerk f\u00fcr den Landkreis Schwandorf mit den Schwerpunkten\u00a0Bildung\u00a0und\u00a0Ehrenamt: Im\u00a0Bildungsbereich\u00a0strebt die Lernende Region Schwandorf eine nachhaltige Verbesserung der Ausbildungs-, Besch\u00e4ftigungs- und Lebenssituation aller B\u00fcrgerinnen und B\u00fcrger\u00a0der Region an. Beispiele hierf\u00fcr sind die j\u00e4hrliche Bildungsmesse in Maxh\u00fctte-Haidhof sowie die Durchf\u00fchrung des Projekts \u201eMINT-Netzwerke Bayern\u201c.","url":"https:\/\/www.lernreg.de\/","logo":{"@type":"ImageObject","inLanguage":"de","@id":"https:\/\/www.lernreg.de\/#\/schema\/logo\/image\/","url":"https:\/\/www.lernreg.de\/wp-content\/uploads\/2021\/08\/Logo-LernReg-transparent.png","contentUrl":"https:\/\/www.lernreg.de\/wp-content\/uploads\/2021\/08\/Logo-LernReg-transparent.png","width":400,"height":228,"caption":"Die Lernende Region Schwandorf e.V. ist ein regionales Netzwerk f\u00fcr den Landkreis Schwandorf mit den Schwerpunkten\u00a0Bildung\u00a0und\u00a0Ehrenamt: Im\u00a0Bildungsbereich\u00a0strebt die Lernende Region Schwandorf eine nachhaltige Verbesserung der Ausbildungs-, Besch\u00e4ftigungs- und Lebenssituation aller B\u00fcrgerinnen und B\u00fcrger\u00a0der Region an. Beispiele hierf\u00fcr sind die j\u00e4hrliche Bildungsmesse in Maxh\u00fctte-Haidhof sowie die Durchf\u00fchrung des Projekts \u201eMINT-Netzwerke Bayern\u201c."},"image":{"@id":"https:\/\/www.lernreg.de\/#\/schema\/logo\/image\/"}},{"@type":"Person","@id":"https:\/\/www.lernreg.de\/#\/schema\/person\/227b8b33a0ebfc2dbe1596acf4671ece","name":"LernReg","image":{"@type":"ImageObject","inLanguage":"de","@id":"https:\/\/www.lernreg.de\/#\/schema\/person\/image\/","url":"https:\/\/secure.gravatar.com\/avatar\/904ae998438465e0862e532044f58656986830dc433f757b90cf352160d05946?s=96&d=mm&r=g","contentUrl":"https:\/\/secure.gravatar.com\/avatar\/904ae998438465e0862e532044f58656986830dc433f757b90cf352160d05946?s=96&d=mm&r=g","caption":"LernReg"},"sameAs":["https:\/\/www.lernreg.de\/Neues%20Verzeichnis\/wordpress"],"url":"https:\/\/www.lernreg.de\/index.php\/author\/lernreg\/"}]}},"_links":{"self":[{"href":"https:\/\/www.lernreg.de\/index.php\/wp-json\/wp\/v2\/posts\/5582","targetHints":{"allow":["GET"]}}],"collection":[{"href":"https:\/\/www.lernreg.de\/index.php\/wp-json\/wp\/v2\/posts"}],"about":[{"href":"https:\/\/www.lernreg.de\/index.php\/wp-json\/wp\/v2\/types\/post"}],"author":[{"embeddable":true,"href":"https:\/\/www.lernreg.de\/index.php\/wp-json\/wp\/v2\/users\/1"}],"replies":[{"embeddable":true,"href":"https:\/\/www.lernreg.de\/index.php\/wp-json\/wp\/v2\/comments?post=5582"}],"version-history":[{"count":5,"href":"https:\/\/www.lernreg.de\/index.php\/wp-json\/wp\/v2\/posts\/5582\/revisions"}],"predecessor-version":[{"id":5773,"href":"https:\/\/www.lernreg.de\/index.php\/wp-json\/wp\/v2\/posts\/5582\/revisions\/5773"}],"wp:featuredmedia":[{"embeddable":true,"href":"https:\/\/www.lernreg.de\/index.php\/wp-json\/wp\/v2\/media\/5577"}],"wp:attachment":[{"href":"https:\/\/www.lernreg.de\/index.php\/wp-json\/wp\/v2\/media?parent=5582"}],"wp:term":[{"taxonomy":"category","embeddable":true,"href":"https:\/\/www.lernreg.de\/index.php\/wp-json\/wp\/v2\/categories?post=5582"},{"taxonomy":"post_tag","embeddable":true,"href":"https:\/\/www.lernreg.de\/index.php\/wp-json\/wp\/v2\/tags?post=5582"}],"curies":[{"name":"wp","href":"https:\/\/api.w.org\/{rel}","templated":true}]}}