{"id":4256,"date":"2023-04-06T15:01:08","date_gmt":"2023-04-06T13:01:08","guid":{"rendered":"https:\/\/www.lernreg.de\/Neues%20Verzeichnis\/wordpress\/?p=4256"},"modified":"2023-04-06T15:01:08","modified_gmt":"2023-04-06T13:01:08","slug":"qualifizierungsprogramm-kompetente-sprachbegleitung-von-gefluechteten","status":"publish","type":"post","link":"https:\/\/www.lernreg.de\/index.php\/2023\/04\/06\/qualifizierungsprogramm-kompetente-sprachbegleitung-von-gefluechteten\/","title":{"rendered":"Qualifizierungsprogramm &#8222;Kompetente Sprachbegleitung von Gefl\u00fcchteten&#8220;"},"content":{"rendered":"<p>In Zusammenarbeit mit der lagfa Bayern e.V. haben Integrationsbegleiter die M\u00f6glichkeit, sich im Bereich der Sprachmittlung weiterzubilden. Dies soll ihnen vor allem in ihrem Alltag helfen. Eine der gr\u00f6\u00dften Aufgaben der Ehrenamtlichen ist es, mit den Herausforderungen durch Sprachdefizite zurecht zu kommen.<\/p>\n<p>&nbsp;<\/p>\n<p><strong>Aufbau und Inhalte:<\/strong><\/p>\n<p>Stellen Sie sich Ihre Themenauswahl selbst zusammen. Ma\u00dfgebend ist dabei die Teilnahme an jeweils einer\u00a0<strong>Fortbildung<\/strong>, einem\u00a0<strong>Vernetzungstreffen<\/strong>\u00a0und einem\u00a0<strong>Online-Seminar<\/strong>\u00a0im Kalenderjahr 2023.<\/p>\n<p>Eine Anmeldung ist jederzeit auf der jeweiligen Veranstaltungsseite m\u00f6glich. Bitte beachten Sie, dass die Pl\u00e4tze bei Pr\u00e4senzveranstaltungen begrenzt sind. Die Termine der Fortbildungen und (fast) aller Vernetzungstreffen f\u00fcr das Jahr 2023 stehen fest. Die Termine der Online-Seminare werden Anfang des Jahres bekanntgegeben.<\/p>\n<p>&nbsp;<\/p>\n<p><strong>Teilnahmebedingungen<\/strong><\/p>\n<p>Zur Teilnahme berechtigt sind alle im Asyl- und Fl\u00fcchtlingsbereich t\u00e4tigen Personen. Freiwillige wie Hauptamtliche sind hierf\u00fcr gleicherma\u00dfen eingeladen. Die Teilnahme ist kostenlos. Fahrtkosten k\u00f6nnen von der lagfa bayern e.V. gegen Vorlage des Originalbelegs bis zu einer maximalen H\u00f6he von EUR 40 erstattet werden.<\/p>\n<p>&nbsp;<\/p>\n<p><strong>Was bringt&#8217;s f\u00fcr die Ehrenamtlichen?<\/strong><\/p>\n<p>Als Ehrenamtliche:r \u2026<\/p>\n<ul>\n<li>\u2026 fachlich gut aufgestellt sein.<\/li>\n<li>\u2026 mehr Sicherheit haben.<\/li>\n<li>\u2026 R\u00fcckhalt bekommen.<\/li>\n<li>\u2026 sich Rat einholen.<\/li>\n<li>\u2026 sein Netzwerk vergr\u00f6\u00dfern.<\/li>\n<li>\u2026 dem Lebenslauf etwas Gutes tun.<\/li>\n<\/ul>\n<p><a href=\"https:\/\/lagfa-bayern.de\/qualifizierungsprogramm-kompetente-sprachbegleitung-von-gefluechteten\/\">Anmeldung und weitere Informationen finden Sie auf der Seite der lagfa bayern e.V.<\/a><\/p>\n","protected":false},"excerpt":{"rendered":"<p>In Zusammenarbeit mit der lagfa Bayern e.V. haben Integrationsbegleiter die M\u00f6glichkeit, sich im Bereich der Sprachmittlung weiterzubilden. Dies soll ihnen vor allem in ihrem Alltag helfen. Eine der gr\u00f6\u00dften Aufgaben der Ehrenamtlichen ist es, mit den Herausforderungen durch Sprachdefizite zurecht zu kommen. &nbsp; Aufbau und Inhalte: Stellen Sie sich Ihre Themenauswahl selbst zusammen. Ma\u00dfgebend ist [&hellip;]<\/p>\n","protected":false},"author":5,"featured_media":5573,"comment_status":"closed","ping_status":"closed","sticky":false,"template":"","format":"standard","meta":{"footnotes":""},"categories":[1,35],"tags":[],"class_list":["post-4256","post","type-post","status-publish","format-standard","has-post-thumbnail","hentry","category-allgemein","category-integration"],"yoast_head":"<!-- This site is optimized with the Yoast SEO plugin v26.4 - https:\/\/yoast.com\/wordpress\/plugins\/seo\/ -->\n<title>Qualifizierungsprogramm &quot;Kompetente Sprachbegleitung von Gefl\u00fcchteten&quot; - Lernende Region Schwandorf<\/title>\n<meta name=\"robots\" content=\"index, follow, max-snippet:-1, max-image-preview:large, max-video-preview:-1\" \/>\n<link rel=\"canonical\" href=\"https:\/\/www.lernreg.de\/index.php\/2023\/04\/06\/qualifizierungsprogramm-kompetente-sprachbegleitung-von-gefluechteten\/\" \/>\n<meta property=\"og:locale\" content=\"de_DE\" \/>\n<meta property=\"og:type\" content=\"article\" \/>\n<meta property=\"og:title\" content=\"Qualifizierungsprogramm &quot;Kompetente Sprachbegleitung von Gefl\u00fcchteten&quot; - Lernende Region Schwandorf\" \/>\n<meta property=\"og:description\" content=\"In Zusammenarbeit mit der lagfa Bayern e.V. haben Integrationsbegleiter die M\u00f6glichkeit, sich im Bereich der Sprachmittlung weiterzubilden. Dies soll ihnen vor allem in ihrem Alltag helfen. Eine der gr\u00f6\u00dften Aufgaben der Ehrenamtlichen ist es, mit den Herausforderungen durch Sprachdefizite zurecht zu kommen. &nbsp; Aufbau und Inhalte: Stellen Sie sich Ihre Themenauswahl selbst zusammen. Ma\u00dfgebend ist [&hellip;]\" \/>\n<meta property=\"og:url\" content=\"https:\/\/www.lernreg.de\/index.php\/2023\/04\/06\/qualifizierungsprogramm-kompetente-sprachbegleitung-von-gefluechteten\/\" \/>\n<meta property=\"og:site_name\" content=\"Lernende Region Schwandorf\" \/>\n<meta property=\"article:published_time\" content=\"2023-04-06T13:01:08+00:00\" \/>\n<meta property=\"og:image\" content=\"https:\/\/www.lernreg.de\/wp-content\/uploads\/2021\/11\/Austauschtreffen-mit-Referentin-I-31.01.22-scaled.jpg\" \/>\n\t<meta property=\"og:image:width\" content=\"2560\" \/>\n\t<meta property=\"og:image:height\" content=\"2272\" \/>\n\t<meta property=\"og:image:type\" content=\"image\/jpeg\" \/>\n<meta name=\"author\" content=\"Maria Dirnberger\" \/>\n<meta name=\"twitter:card\" content=\"summary_large_image\" \/>\n<meta name=\"twitter:label1\" content=\"Verfasst von\" \/>\n\t<meta name=\"twitter:data1\" content=\"Maria Dirnberger\" \/>\n\t<meta name=\"twitter:label2\" content=\"Gesch\u00e4tzte Lesezeit\" \/>\n\t<meta name=\"twitter:data2\" content=\"1\u00a0Minute\" \/>\n<script type=\"application\/ld+json\" class=\"yoast-schema-graph\">{\"@context\":\"https:\/\/schema.org\",\"@graph\":[{\"@type\":\"Article\",\"@id\":\"https:\/\/www.lernreg.de\/index.php\/2023\/04\/06\/qualifizierungsprogramm-kompetente-sprachbegleitung-von-gefluechteten\/#article\",\"isPartOf\":{\"@id\":\"https:\/\/www.lernreg.de\/index.php\/2023\/04\/06\/qualifizierungsprogramm-kompetente-sprachbegleitung-von-gefluechteten\/\"},\"author\":{\"name\":\"Maria Dirnberger\",\"@id\":\"https:\/\/www.lernreg.de\/#\/schema\/person\/c3f46568df69d3122b4187464ea39202\"},\"headline\":\"Qualifizierungsprogramm &#8222;Kompetente Sprachbegleitung von Gefl\u00fcchteten&#8220;\",\"datePublished\":\"2023-04-06T13:01:08+00:00\",\"mainEntityOfPage\":{\"@id\":\"https:\/\/www.lernreg.de\/index.php\/2023\/04\/06\/qualifizierungsprogramm-kompetente-sprachbegleitung-von-gefluechteten\/\"},\"wordCount\":222,\"publisher\":{\"@id\":\"https:\/\/www.lernreg.de\/#organization\"},\"image\":{\"@id\":\"https:\/\/www.lernreg.de\/index.php\/2023\/04\/06\/qualifizierungsprogramm-kompetente-sprachbegleitung-von-gefluechteten\/#primaryimage\"},\"thumbnailUrl\":\"https:\/\/www.lernreg.de\/wp-content\/uploads\/2021\/11\/Austauschtreffen-mit-Referentin-I-31.01.22-scaled.jpg\",\"articleSection\":{\"1\":\"Integration\"},\"inLanguage\":\"de\"},{\"@type\":\"WebPage\",\"@id\":\"https:\/\/www.lernreg.de\/index.php\/2023\/04\/06\/qualifizierungsprogramm-kompetente-sprachbegleitung-von-gefluechteten\/\",\"url\":\"https:\/\/www.lernreg.de\/index.php\/2023\/04\/06\/qualifizierungsprogramm-kompetente-sprachbegleitung-von-gefluechteten\/\",\"name\":\"Qualifizierungsprogramm \\\"Kompetente Sprachbegleitung von Gefl\u00fcchteten\\\" - Lernende Region Schwandorf\",\"isPartOf\":{\"@id\":\"https:\/\/www.lernreg.de\/#website\"},\"primaryImageOfPage\":{\"@id\":\"https:\/\/www.lernreg.de\/index.php\/2023\/04\/06\/qualifizierungsprogramm-kompetente-sprachbegleitung-von-gefluechteten\/#primaryimage\"},\"image\":{\"@id\":\"https:\/\/www.lernreg.de\/index.php\/2023\/04\/06\/qualifizierungsprogramm-kompetente-sprachbegleitung-von-gefluechteten\/#primaryimage\"},\"thumbnailUrl\":\"https:\/\/www.lernreg.de\/wp-content\/uploads\/2021\/11\/Austauschtreffen-mit-Referentin-I-31.01.22-scaled.jpg\",\"datePublished\":\"2023-04-06T13:01:08+00:00\",\"breadcrumb\":{\"@id\":\"https:\/\/www.lernreg.de\/index.php\/2023\/04\/06\/qualifizierungsprogramm-kompetente-sprachbegleitung-von-gefluechteten\/#breadcrumb\"},\"inLanguage\":\"de\",\"potentialAction\":[{\"@type\":\"ReadAction\",\"target\":[\"https:\/\/www.lernreg.de\/index.php\/2023\/04\/06\/qualifizierungsprogramm-kompetente-sprachbegleitung-von-gefluechteten\/\"]}]},{\"@type\":\"ImageObject\",\"inLanguage\":\"de\",\"@id\":\"https:\/\/www.lernreg.de\/index.php\/2023\/04\/06\/qualifizierungsprogramm-kompetente-sprachbegleitung-von-gefluechteten\/#primaryimage\",\"url\":\"https:\/\/www.lernreg.de\/wp-content\/uploads\/2021\/11\/Austauschtreffen-mit-Referentin-I-31.01.22-scaled.jpg\",\"contentUrl\":\"https:\/\/www.lernreg.de\/wp-content\/uploads\/2021\/11\/Austauschtreffen-mit-Referentin-I-31.01.22-scaled.jpg\",\"width\":2560,\"height\":2272},{\"@type\":\"BreadcrumbList\",\"@id\":\"https:\/\/www.lernreg.de\/index.php\/2023\/04\/06\/qualifizierungsprogramm-kompetente-sprachbegleitung-von-gefluechteten\/#breadcrumb\",\"itemListElement\":[{\"@type\":\"ListItem\",\"position\":1,\"name\":\"Startseite\",\"item\":\"https:\/\/www.lernreg.de\/index.php\/homepage\/\"},{\"@type\":\"ListItem\",\"position\":2,\"name\":\"Qualifizierungsprogramm &#8222;Kompetente Sprachbegleitung von Gefl\u00fcchteten&#8220;\"}]},{\"@type\":\"WebSite\",\"@id\":\"https:\/\/www.lernreg.de\/#website\",\"url\":\"https:\/\/www.lernreg.de\/\",\"name\":\"Lernende Region Schwandorf\",\"description\":\"Freiwilligenagentur, Bildung\",\"publisher\":{\"@id\":\"https:\/\/www.lernreg.de\/#organization\"},\"potentialAction\":[{\"@type\":\"SearchAction\",\"target\":{\"@type\":\"EntryPoint\",\"urlTemplate\":\"https:\/\/www.lernreg.de\/?s={search_term_string}\"},\"query-input\":{\"@type\":\"PropertyValueSpecification\",\"valueRequired\":true,\"valueName\":\"search_term_string\"}}],\"inLanguage\":\"de\"},{\"@type\":\"Organization\",\"@id\":\"https:\/\/www.lernreg.de\/#organization\",\"name\":\"Die Lernende Region Schwandorf e.V. ist ein regionales Netzwerk f\u00fcr den Landkreis Schwandorf mit den Schwerpunkten\u00a0Bildung\u00a0und\u00a0Ehrenamt: Im\u00a0Bildungsbereich\u00a0strebt die Lernende Region Schwandorf eine nachhaltige Verbesserung der Ausbildungs-, Besch\u00e4ftigungs- und Lebenssituation aller B\u00fcrgerinnen und B\u00fcrger\u00a0der Region an. Beispiele hierf\u00fcr sind die j\u00e4hrliche Bildungsmesse in Maxh\u00fctte-Haidhof sowie die Durchf\u00fchrung des Projekts \u201eMINT-Netzwerke Bayern\u201c.\",\"url\":\"https:\/\/www.lernreg.de\/\",\"logo\":{\"@type\":\"ImageObject\",\"inLanguage\":\"de\",\"@id\":\"https:\/\/www.lernreg.de\/#\/schema\/logo\/image\/\",\"url\":\"https:\/\/www.lernreg.de\/wp-content\/uploads\/2021\/08\/Logo-LernReg-transparent.png\",\"contentUrl\":\"https:\/\/www.lernreg.de\/wp-content\/uploads\/2021\/08\/Logo-LernReg-transparent.png\",\"width\":400,\"height\":228,\"caption\":\"Die Lernende Region Schwandorf e.V. ist ein regionales Netzwerk f\u00fcr den Landkreis Schwandorf mit den Schwerpunkten\u00a0Bildung\u00a0und\u00a0Ehrenamt: Im\u00a0Bildungsbereich\u00a0strebt die Lernende Region Schwandorf eine nachhaltige Verbesserung der Ausbildungs-, Besch\u00e4ftigungs- und Lebenssituation aller B\u00fcrgerinnen und B\u00fcrger\u00a0der Region an. Beispiele hierf\u00fcr sind die j\u00e4hrliche Bildungsmesse in Maxh\u00fctte-Haidhof sowie die Durchf\u00fchrung des Projekts \u201eMINT-Netzwerke Bayern\u201c.\"},\"image\":{\"@id\":\"https:\/\/www.lernreg.de\/#\/schema\/logo\/image\/\"}},{\"@type\":\"Person\",\"@id\":\"https:\/\/www.lernreg.de\/#\/schema\/person\/c3f46568df69d3122b4187464ea39202\",\"name\":\"Maria Dirnberger\",\"image\":{\"@type\":\"ImageObject\",\"inLanguage\":\"de\",\"@id\":\"https:\/\/www.lernreg.de\/#\/schema\/person\/image\/\",\"url\":\"https:\/\/secure.gravatar.com\/avatar\/408d79987014901f4cd9dcc4f1a9a79fbd70725c55b94f3b20cc26a2b9195729?s=96&d=mm&r=g\",\"contentUrl\":\"https:\/\/secure.gravatar.com\/avatar\/408d79987014901f4cd9dcc4f1a9a79fbd70725c55b94f3b20cc26a2b9195729?s=96&d=mm&r=g\",\"caption\":\"Maria Dirnberger\"},\"url\":\"https:\/\/www.lernreg.de\/index.php\/author\/maria-dirnberger\/\"}]}<\/script>\n<!-- \/ Yoast SEO plugin. -->","yoast_head_json":{"title":"Qualifizierungsprogramm \"Kompetente Sprachbegleitung von Gefl\u00fcchteten\" - Lernende Region Schwandorf","robots":{"index":"index","follow":"follow","max-snippet":"max-snippet:-1","max-image-preview":"max-image-preview:large","max-video-preview":"max-video-preview:-1"},"canonical":"https:\/\/www.lernreg.de\/index.php\/2023\/04\/06\/qualifizierungsprogramm-kompetente-sprachbegleitung-von-gefluechteten\/","og_locale":"de_DE","og_type":"article","og_title":"Qualifizierungsprogramm \"Kompetente Sprachbegleitung von Gefl\u00fcchteten\" - Lernende Region Schwandorf","og_description":"In Zusammenarbeit mit der lagfa Bayern e.V. haben Integrationsbegleiter die M\u00f6glichkeit, sich im Bereich der Sprachmittlung weiterzubilden. Dies soll ihnen vor allem in ihrem Alltag helfen. Eine der gr\u00f6\u00dften Aufgaben der Ehrenamtlichen ist es, mit den Herausforderungen durch Sprachdefizite zurecht zu kommen. &nbsp; Aufbau und Inhalte: Stellen Sie sich Ihre Themenauswahl selbst zusammen. Ma\u00dfgebend ist [&hellip;]","og_url":"https:\/\/www.lernreg.de\/index.php\/2023\/04\/06\/qualifizierungsprogramm-kompetente-sprachbegleitung-von-gefluechteten\/","og_site_name":"Lernende Region Schwandorf","article_published_time":"2023-04-06T13:01:08+00:00","og_image":[{"width":2560,"height":2272,"url":"https:\/\/www.lernreg.de\/wp-content\/uploads\/2021\/11\/Austauschtreffen-mit-Referentin-I-31.01.22-scaled.jpg","type":"image\/jpeg"}],"author":"Maria Dirnberger","twitter_card":"summary_large_image","twitter_misc":{"Verfasst von":"Maria Dirnberger","Gesch\u00e4tzte Lesezeit":"1\u00a0Minute"},"schema":{"@context":"https:\/\/schema.org","@graph":[{"@type":"Article","@id":"https:\/\/www.lernreg.de\/index.php\/2023\/04\/06\/qualifizierungsprogramm-kompetente-sprachbegleitung-von-gefluechteten\/#article","isPartOf":{"@id":"https:\/\/www.lernreg.de\/index.php\/2023\/04\/06\/qualifizierungsprogramm-kompetente-sprachbegleitung-von-gefluechteten\/"},"author":{"name":"Maria Dirnberger","@id":"https:\/\/www.lernreg.de\/#\/schema\/person\/c3f46568df69d3122b4187464ea39202"},"headline":"Qualifizierungsprogramm &#8222;Kompetente Sprachbegleitung von Gefl\u00fcchteten&#8220;","datePublished":"2023-04-06T13:01:08+00:00","mainEntityOfPage":{"@id":"https:\/\/www.lernreg.de\/index.php\/2023\/04\/06\/qualifizierungsprogramm-kompetente-sprachbegleitung-von-gefluechteten\/"},"wordCount":222,"publisher":{"@id":"https:\/\/www.lernreg.de\/#organization"},"image":{"@id":"https:\/\/www.lernreg.de\/index.php\/2023\/04\/06\/qualifizierungsprogramm-kompetente-sprachbegleitung-von-gefluechteten\/#primaryimage"},"thumbnailUrl":"https:\/\/www.lernreg.de\/wp-content\/uploads\/2021\/11\/Austauschtreffen-mit-Referentin-I-31.01.22-scaled.jpg","articleSection":{"1":"Integration"},"inLanguage":"de"},{"@type":"WebPage","@id":"https:\/\/www.lernreg.de\/index.php\/2023\/04\/06\/qualifizierungsprogramm-kompetente-sprachbegleitung-von-gefluechteten\/","url":"https:\/\/www.lernreg.de\/index.php\/2023\/04\/06\/qualifizierungsprogramm-kompetente-sprachbegleitung-von-gefluechteten\/","name":"Qualifizierungsprogramm \"Kompetente Sprachbegleitung von Gefl\u00fcchteten\" - Lernende Region Schwandorf","isPartOf":{"@id":"https:\/\/www.lernreg.de\/#website"},"primaryImageOfPage":{"@id":"https:\/\/www.lernreg.de\/index.php\/2023\/04\/06\/qualifizierungsprogramm-kompetente-sprachbegleitung-von-gefluechteten\/#primaryimage"},"image":{"@id":"https:\/\/www.lernreg.de\/index.php\/2023\/04\/06\/qualifizierungsprogramm-kompetente-sprachbegleitung-von-gefluechteten\/#primaryimage"},"thumbnailUrl":"https:\/\/www.lernreg.de\/wp-content\/uploads\/2021\/11\/Austauschtreffen-mit-Referentin-I-31.01.22-scaled.jpg","datePublished":"2023-04-06T13:01:08+00:00","breadcrumb":{"@id":"https:\/\/www.lernreg.de\/index.php\/2023\/04\/06\/qualifizierungsprogramm-kompetente-sprachbegleitung-von-gefluechteten\/#breadcrumb"},"inLanguage":"de","potentialAction":[{"@type":"ReadAction","target":["https:\/\/www.lernreg.de\/index.php\/2023\/04\/06\/qualifizierungsprogramm-kompetente-sprachbegleitung-von-gefluechteten\/"]}]},{"@type":"ImageObject","inLanguage":"de","@id":"https:\/\/www.lernreg.de\/index.php\/2023\/04\/06\/qualifizierungsprogramm-kompetente-sprachbegleitung-von-gefluechteten\/#primaryimage","url":"https:\/\/www.lernreg.de\/wp-content\/uploads\/2021\/11\/Austauschtreffen-mit-Referentin-I-31.01.22-scaled.jpg","contentUrl":"https:\/\/www.lernreg.de\/wp-content\/uploads\/2021\/11\/Austauschtreffen-mit-Referentin-I-31.01.22-scaled.jpg","width":2560,"height":2272},{"@type":"BreadcrumbList","@id":"https:\/\/www.lernreg.de\/index.php\/2023\/04\/06\/qualifizierungsprogramm-kompetente-sprachbegleitung-von-gefluechteten\/#breadcrumb","itemListElement":[{"@type":"ListItem","position":1,"name":"Startseite","item":"https:\/\/www.lernreg.de\/index.php\/homepage\/"},{"@type":"ListItem","position":2,"name":"Qualifizierungsprogramm &#8222;Kompetente Sprachbegleitung von Gefl\u00fcchteten&#8220;"}]},{"@type":"WebSite","@id":"https:\/\/www.lernreg.de\/#website","url":"https:\/\/www.lernreg.de\/","name":"Lernende Region Schwandorf","description":"Freiwilligenagentur, Bildung","publisher":{"@id":"https:\/\/www.lernreg.de\/#organization"},"potentialAction":[{"@type":"SearchAction","target":{"@type":"EntryPoint","urlTemplate":"https:\/\/www.lernreg.de\/?s={search_term_string}"},"query-input":{"@type":"PropertyValueSpecification","valueRequired":true,"valueName":"search_term_string"}}],"inLanguage":"de"},{"@type":"Organization","@id":"https:\/\/www.lernreg.de\/#organization","name":"Die Lernende Region Schwandorf e.V. ist ein regionales Netzwerk f\u00fcr den Landkreis Schwandorf mit den Schwerpunkten\u00a0Bildung\u00a0und\u00a0Ehrenamt: Im\u00a0Bildungsbereich\u00a0strebt die Lernende Region Schwandorf eine nachhaltige Verbesserung der Ausbildungs-, Besch\u00e4ftigungs- und Lebenssituation aller B\u00fcrgerinnen und B\u00fcrger\u00a0der Region an. Beispiele hierf\u00fcr sind die j\u00e4hrliche Bildungsmesse in Maxh\u00fctte-Haidhof sowie die Durchf\u00fchrung des Projekts \u201eMINT-Netzwerke Bayern\u201c.","url":"https:\/\/www.lernreg.de\/","logo":{"@type":"ImageObject","inLanguage":"de","@id":"https:\/\/www.lernreg.de\/#\/schema\/logo\/image\/","url":"https:\/\/www.lernreg.de\/wp-content\/uploads\/2021\/08\/Logo-LernReg-transparent.png","contentUrl":"https:\/\/www.lernreg.de\/wp-content\/uploads\/2021\/08\/Logo-LernReg-transparent.png","width":400,"height":228,"caption":"Die Lernende Region Schwandorf e.V. ist ein regionales Netzwerk f\u00fcr den Landkreis Schwandorf mit den Schwerpunkten\u00a0Bildung\u00a0und\u00a0Ehrenamt: Im\u00a0Bildungsbereich\u00a0strebt die Lernende Region Schwandorf eine nachhaltige Verbesserung der Ausbildungs-, Besch\u00e4ftigungs- und Lebenssituation aller B\u00fcrgerinnen und B\u00fcrger\u00a0der Region an. Beispiele hierf\u00fcr sind die j\u00e4hrliche Bildungsmesse in Maxh\u00fctte-Haidhof sowie die Durchf\u00fchrung des Projekts \u201eMINT-Netzwerke Bayern\u201c."},"image":{"@id":"https:\/\/www.lernreg.de\/#\/schema\/logo\/image\/"}},{"@type":"Person","@id":"https:\/\/www.lernreg.de\/#\/schema\/person\/c3f46568df69d3122b4187464ea39202","name":"Maria Dirnberger","image":{"@type":"ImageObject","inLanguage":"de","@id":"https:\/\/www.lernreg.de\/#\/schema\/person\/image\/","url":"https:\/\/secure.gravatar.com\/avatar\/408d79987014901f4cd9dcc4f1a9a79fbd70725c55b94f3b20cc26a2b9195729?s=96&d=mm&r=g","contentUrl":"https:\/\/secure.gravatar.com\/avatar\/408d79987014901f4cd9dcc4f1a9a79fbd70725c55b94f3b20cc26a2b9195729?s=96&d=mm&r=g","caption":"Maria Dirnberger"},"url":"https:\/\/www.lernreg.de\/index.php\/author\/maria-dirnberger\/"}]}},"_links":{"self":[{"href":"https:\/\/www.lernreg.de\/index.php\/wp-json\/wp\/v2\/posts\/4256","targetHints":{"allow":["GET"]}}],"collection":[{"href":"https:\/\/www.lernreg.de\/index.php\/wp-json\/wp\/v2\/posts"}],"about":[{"href":"https:\/\/www.lernreg.de\/index.php\/wp-json\/wp\/v2\/types\/post"}],"author":[{"embeddable":true,"href":"https:\/\/www.lernreg.de\/index.php\/wp-json\/wp\/v2\/users\/5"}],"replies":[{"embeddable":true,"href":"https:\/\/www.lernreg.de\/index.php\/wp-json\/wp\/v2\/comments?post=4256"}],"version-history":[{"count":2,"href":"https:\/\/www.lernreg.de\/index.php\/wp-json\/wp\/v2\/posts\/4256\/revisions"}],"predecessor-version":[{"id":5556,"href":"https:\/\/www.lernreg.de\/index.php\/wp-json\/wp\/v2\/posts\/4256\/revisions\/5556"}],"wp:featuredmedia":[{"embeddable":true,"href":"https:\/\/www.lernreg.de\/index.php\/wp-json\/wp\/v2\/media\/5573"}],"wp:attachment":[{"href":"https:\/\/www.lernreg.de\/index.php\/wp-json\/wp\/v2\/media?parent=4256"}],"wp:term":[{"taxonomy":"category","embeddable":true,"href":"https:\/\/www.lernreg.de\/index.php\/wp-json\/wp\/v2\/categories?post=4256"},{"taxonomy":"post_tag","embeddable":true,"href":"https:\/\/www.lernreg.de\/index.php\/wp-json\/wp\/v2\/tags?post=4256"}],"curies":[{"name":"wp","href":"https:\/\/api.w.org\/{rel}","templated":true}]}}