{"id":3907,"date":"2018-06-12T16:30:20","date_gmt":"2018-06-12T14:30:20","guid":{"rendered":"https:\/\/www.lernreg.de\/Neues%20Verzeichnis\/wordpress\/?p=3907"},"modified":"2021-09-30T17:06:13","modified_gmt":"2021-09-30T15:06:13","slug":"3-schwandorfer-bildungskonferenz-am-12-juni-2018-im-beruflichen-schulzentrum-oskar-von-miller-in-schwandorf","status":"publish","type":"post","link":"https:\/\/www.lernreg.de\/index.php\/2018\/06\/12\/3-schwandorfer-bildungskonferenz-am-12-juni-2018-im-beruflichen-schulzentrum-oskar-von-miller-in-schwandorf\/","title":{"rendered":"3. Schwandorfer Bildungskonferenz am 12. Juni 2018 im Beruflichen Schulzentrum Oskar-von-Miller in Schwandorf"},"content":{"rendered":"<section  class='av_textblock_section av-av_textblock-2de302bf1aa3cf4c9157dbe6f50ac7eb'  itemscope=\"itemscope\" itemtype=\"https:\/\/schema.org\/BlogPosting\" itemprop=\"blogPost\" ><div class='avia_textblock'  itemprop=\"text\" ><h2>3. Schwandorfer Bildungskonferenz am 12. Juni 2018 im Beruflichen Schulzentrum Oskar-von-Miller in Schwandorf<\/h2>\n<\/div><\/section>\n<section  class='av_textblock_section av-av_textblock-2de302bf1aa3cf4c9157dbe6f50ac7eb'  itemscope=\"itemscope\" itemtype=\"https:\/\/schema.org\/BlogPosting\" itemprop=\"blogPost\" ><div class='avia_textblock'  itemprop=\"text\" ><p>Vortr\u00e4ge:<\/p>\n<ul>\n<li style=\"list-style-type: none;\">\n<ul>\n<li>M\u00e4nner in sog. Frauenberufen und Frauen in sog. M\u00e4nnerberufen:<br \/>\n2 Beispiele aus der Praxis<\/li>\n<li>Strategien im Handwerk zur Lehrlingsgewinnung<\/li>\n<li>Aktivit\u00e4ten und Hilfen zur Eingliederung Jugendlicher in Ausbildung und Beruf<\/li>\n<\/ul>\n<\/li>\n<\/ul>\n<p>Diskussionsforen:<\/p>\n<ol>\n<li>Wie klappt der \u00dcbergang von der Schule in den Betrieb?<\/li>\n<li>Digitalisierung: Worauf m\u00fcssen sich die Schulen und Betriebe einstellen?<\/li>\n<li>Welche unterst\u00fctzende Rolle haben die Eltern beim \u00dcbergang von der Schule in den Betrieb und zur Hochschule?<\/li>\n<li>Das duale Studium \u2013 auch ein Weg f\u00fcr das Handwerk?<\/li>\n<\/ol>\n<\/div><\/section>\n\n<style type=\"text\/css\" data-created_by=\"avia_inline_auto\" id=\"style-css-av-av_one_half-15d750bd1b332b34c6e70b077ebbccdf\">\n.flex_column.av-av_one_half-15d750bd1b332b34c6e70b077ebbccdf{\n-webkit-border-radius:0px 0px 0px 0px;\n-moz-border-radius:0px 0px 0px 0px;\nborder-radius:0px 0px 0px 0px;\npadding:0px 0px 0px 0px;\n}\n<\/style>\n<div class='flex_column av-av_one_half-15d750bd1b332b34c6e70b077ebbccdf av_one_half  avia-builder-el-2  el_after_av_textblock  el_before_av_one_half  first flex_column_div av-zero-column-padding column-top-margin'     ><style type=\"text\/css\" data-created_by=\"avia_inline_auto\" id=\"style-css-av-av_gallery-5238dd288c447df91cf4bf17669825c9\">\n#top .avia-gallery.av-av_gallery-5238dd288c447df91cf4bf17669825c9 .avia-gallery-thumb a{\nwidth:20%;\n}\n<\/style>\n<div  class='avia-gallery av-av_gallery-5238dd288c447df91cf4bf17669825c9 avia_animate_when_visible  avia-builder-el-3  avia-builder-el-no-sibling  avia_lazyload avia-gallery-animate avia-gallery-1'  itemprop=\"image\" itemscope=\"itemscope\" itemtype=\"https:\/\/schema.org\/ImageObject\" ><meta itemprop=\"contentURL\" content=\"https:\/\/www.lernreg.de\/index.php\/2018\/06\/12\/3-schwandorfer-bildungskonferenz-am-12-juni-2018-im-beruflichen-schulzentrum-oskar-von-miller-in-schwandorf\/\"><a class='avia-gallery-big fakeLightbox lightbox avia-gallery-big-crop-thumb ' href=\"https:\/\/www.lernreg.de\/wp-content\/uploads\/2021\/09\/Bildungskonferenz_Angela_Sedlmaier__Bild_Rudolf_Hirsch-819x1030.jpg\" data-srcset=\"https:\/\/www.lernreg.de\/wp-content\/uploads\/2021\/09\/Bildungskonferenz_Angela_Sedlmaier__Bild_Rudolf_Hirsch-819x1030.jpg 819w, https:\/\/www.lernreg.de\/wp-content\/uploads\/2021\/09\/Bildungskonferenz_Angela_Sedlmaier__Bild_Rudolf_Hirsch-238x300.jpg 238w, https:\/\/www.lernreg.de\/wp-content\/uploads\/2021\/09\/Bildungskonferenz_Angela_Sedlmaier__Bild_Rudolf_Hirsch-768x966.jpg 768w, https:\/\/www.lernreg.de\/wp-content\/uploads\/2021\/09\/Bildungskonferenz_Angela_Sedlmaier__Bild_Rudolf_Hirsch-1221x1536.jpg 1221w, https:\/\/www.lernreg.de\/wp-content\/uploads\/2021\/09\/Bildungskonferenz_Angela_Sedlmaier__Bild_Rudolf_Hirsch-1628x2048.jpg 1628w, https:\/\/www.lernreg.de\/wp-content\/uploads\/2021\/09\/Bildungskonferenz_Angela_Sedlmaier__Bild_Rudolf_Hirsch-1192x1500.jpg 1192w, https:\/\/www.lernreg.de\/wp-content\/uploads\/2021\/09\/Bildungskonferenz_Angela_Sedlmaier__Bild_Rudolf_Hirsch-560x705.jpg 560w, https:\/\/www.lernreg.de\/wp-content\/uploads\/2021\/09\/Bildungskonferenz_Angela_Sedlmaier__Bild_Rudolf_Hirsch-450x566.jpg 450w, https:\/\/www.lernreg.de\/wp-content\/uploads\/2021\/09\/Bildungskonferenz_Angela_Sedlmaier__Bild_Rudolf_Hirsch.jpg 1938w\" data-sizes=\"(max-width: 819px) 100vw, 819px\"  data-onclick='1' title='Bildungskonferenz_Angela_Sedlmaier__Bild_Rudolf_Hirsch' ><span class='avia-gallery-big-inner'  itemprop=\"thumbnailUrl\" ><img decoding=\"async\" class=\"wp-image-3909 avia-img-lazy-loading-not-3909\"  width=\"495\" height=\"400\" src=\"https:\/\/www.lernreg.de\/wp-content\/uploads\/2021\/09\/Bildungskonferenz_Angela_Sedlmaier__Bild_Rudolf_Hirsch-495x400.jpg\" title='Bildungskonferenz_Angela_Sedlmaier__Bild_Rudolf_Hirsch' alt='' srcset=\"https:\/\/www.lernreg.de\/wp-content\/uploads\/2021\/09\/Bildungskonferenz_Angela_Sedlmaier__Bild_Rudolf_Hirsch-495x400.jpg 495w, https:\/\/www.lernreg.de\/wp-content\/uploads\/2021\/09\/Bildungskonferenz_Angela_Sedlmaier__Bild_Rudolf_Hirsch-845x684.jpg 845w\" sizes=\"(max-width: 495px) 100vw, 495px\" \/><\/span><\/a><div class='avia-gallery-thumb'><a href=\"https:\/\/www.lernreg.de\/wp-content\/uploads\/2021\/09\/Bildungskonferenz_Angela_Sedlmaier__Bild_Rudolf_Hirsch-819x1030.jpg\" data-srcset=\"https:\/\/www.lernreg.de\/wp-content\/uploads\/2021\/09\/Bildungskonferenz_Angela_Sedlmaier__Bild_Rudolf_Hirsch-819x1030.jpg 819w, https:\/\/www.lernreg.de\/wp-content\/uploads\/2021\/09\/Bildungskonferenz_Angela_Sedlmaier__Bild_Rudolf_Hirsch-238x300.jpg 238w, https:\/\/www.lernreg.de\/wp-content\/uploads\/2021\/09\/Bildungskonferenz_Angela_Sedlmaier__Bild_Rudolf_Hirsch-768x966.jpg 768w, https:\/\/www.lernreg.de\/wp-content\/uploads\/2021\/09\/Bildungskonferenz_Angela_Sedlmaier__Bild_Rudolf_Hirsch-1221x1536.jpg 1221w, https:\/\/www.lernreg.de\/wp-content\/uploads\/2021\/09\/Bildungskonferenz_Angela_Sedlmaier__Bild_Rudolf_Hirsch-1628x2048.jpg 1628w, https:\/\/www.lernreg.de\/wp-content\/uploads\/2021\/09\/Bildungskonferenz_Angela_Sedlmaier__Bild_Rudolf_Hirsch-1192x1500.jpg 1192w, https:\/\/www.lernreg.de\/wp-content\/uploads\/2021\/09\/Bildungskonferenz_Angela_Sedlmaier__Bild_Rudolf_Hirsch-560x705.jpg 560w, https:\/\/www.lernreg.de\/wp-content\/uploads\/2021\/09\/Bildungskonferenz_Angela_Sedlmaier__Bild_Rudolf_Hirsch-450x566.jpg 450w, https:\/\/www.lernreg.de\/wp-content\/uploads\/2021\/09\/Bildungskonferenz_Angela_Sedlmaier__Bild_Rudolf_Hirsch.jpg 1938w\" data-sizes=\"(max-width: 819px) 100vw, 819px\" data-rel='gallery-1' data-prev-img='https:\/\/www.lernreg.de\/wp-content\/uploads\/2021\/09\/Bildungskonferenz_Angela_Sedlmaier__Bild_Rudolf_Hirsch-495x400.jpg' class='first_thumb lightbox ' data-onclick='1' title='Bildungskonferenz_Angela_Sedlmaier__Bild_Rudolf_Hirsch'  itemprop=\"thumbnailUrl\"  ><img decoding=\"async\" class=\"wp-image-3909 avia-img-lazy-loading-not-3909\"   src=\"https:\/\/www.lernreg.de\/wp-content\/uploads\/2021\/09\/Bildungskonferenz_Angela_Sedlmaier__Bild_Rudolf_Hirsch-495x400.jpg\" width=\"495\" height=\"400\"  title='Bildungskonferenz_Angela_Sedlmaier__Bild_Rudolf_Hirsch' alt='' srcset=\"https:\/\/www.lernreg.de\/wp-content\/uploads\/2021\/09\/Bildungskonferenz_Angela_Sedlmaier__Bild_Rudolf_Hirsch-495x400.jpg 495w, https:\/\/www.lernreg.de\/wp-content\/uploads\/2021\/09\/Bildungskonferenz_Angela_Sedlmaier__Bild_Rudolf_Hirsch-845x684.jpg 845w\" sizes=\"(max-width: 495px) 100vw, 495px\" \/><div class='big-prev-fake'><img loading=\"lazy\" decoding=\"async\" class=\"wp-image-3909 avia-img-lazy-loading-3909\"  width=\"495\" height=\"400\" src=\"https:\/\/www.lernreg.de\/wp-content\/uploads\/2021\/09\/Bildungskonferenz_Angela_Sedlmaier__Bild_Rudolf_Hirsch-495x400.jpg\" title='Bildungskonferenz_Angela_Sedlmaier__Bild_Rudolf_Hirsch' alt='' srcset=\"https:\/\/www.lernreg.de\/wp-content\/uploads\/2021\/09\/Bildungskonferenz_Angela_Sedlmaier__Bild_Rudolf_Hirsch-495x400.jpg 495w, https:\/\/www.lernreg.de\/wp-content\/uploads\/2021\/09\/Bildungskonferenz_Angela_Sedlmaier__Bild_Rudolf_Hirsch-845x684.jpg 845w\" sizes=\"auto, (max-width: 495px) 100vw, 495px\" \/><\/div><\/a><a href=\"https:\/\/www.lernreg.de\/wp-content\/uploads\/2021\/09\/Bildungskonferenz_Diskussionsforum_1_Bild_LRA--1030x773.jpg\" data-srcset=\"https:\/\/www.lernreg.de\/wp-content\/uploads\/2021\/09\/Bildungskonferenz_Diskussionsforum_1_Bild_LRA--1030x773.jpg 1030w, https:\/\/www.lernreg.de\/wp-content\/uploads\/2021\/09\/Bildungskonferenz_Diskussionsforum_1_Bild_LRA--300x225.jpg 300w, https:\/\/www.lernreg.de\/wp-content\/uploads\/2021\/09\/Bildungskonferenz_Diskussionsforum_1_Bild_LRA--768x576.jpg 768w, https:\/\/www.lernreg.de\/wp-content\/uploads\/2021\/09\/Bildungskonferenz_Diskussionsforum_1_Bild_LRA--1536x1152.jpg 1536w, https:\/\/www.lernreg.de\/wp-content\/uploads\/2021\/09\/Bildungskonferenz_Diskussionsforum_1_Bild_LRA--2048x1536.jpg 2048w, https:\/\/www.lernreg.de\/wp-content\/uploads\/2021\/09\/Bildungskonferenz_Diskussionsforum_1_Bild_LRA--1500x1125.jpg 1500w, https:\/\/www.lernreg.de\/wp-content\/uploads\/2021\/09\/Bildungskonferenz_Diskussionsforum_1_Bild_LRA--705x529.jpg 705w, https:\/\/www.lernreg.de\/wp-content\/uploads\/2021\/09\/Bildungskonferenz_Diskussionsforum_1_Bild_LRA--450x338.jpg 450w\" data-sizes=\"(max-width: 1030px) 100vw, 1030px\" data-rel='gallery-1' data-prev-img='https:\/\/www.lernreg.de\/wp-content\/uploads\/2021\/09\/Bildungskonferenz_Diskussionsforum_1_Bild_LRA--495x400.jpg' class='lightbox ' data-onclick='2' title='Bildungskonferenz_Diskussionsforum_1_Bild_LRA-'  itemprop=\"thumbnailUrl\"  ><img decoding=\"async\" class=\"wp-image-3910 avia-img-lazy-loading-not-3910\"   src=\"https:\/\/www.lernreg.de\/wp-content\/uploads\/2021\/09\/Bildungskonferenz_Diskussionsforum_1_Bild_LRA--495x400.jpg\" width=\"495\" height=\"400\"  title='Bildungskonferenz_Diskussionsforum_1_Bild_LRA-' alt='' srcset=\"https:\/\/www.lernreg.de\/wp-content\/uploads\/2021\/09\/Bildungskonferenz_Diskussionsforum_1_Bild_LRA--495x400.jpg 495w, https:\/\/www.lernreg.de\/wp-content\/uploads\/2021\/09\/Bildungskonferenz_Diskussionsforum_1_Bild_LRA--845x684.jpg 845w\" sizes=\"(max-width: 495px) 100vw, 495px\" \/><div class='big-prev-fake'><img loading=\"lazy\" decoding=\"async\" class=\"wp-image-3910 avia-img-lazy-loading-3910\"  width=\"495\" height=\"400\" src=\"https:\/\/www.lernreg.de\/wp-content\/uploads\/2021\/09\/Bildungskonferenz_Diskussionsforum_1_Bild_LRA--495x400.jpg\" title='Bildungskonferenz_Diskussionsforum_1_Bild_LRA-' alt='' srcset=\"https:\/\/www.lernreg.de\/wp-content\/uploads\/2021\/09\/Bildungskonferenz_Diskussionsforum_1_Bild_LRA--495x400.jpg 495w, https:\/\/www.lernreg.de\/wp-content\/uploads\/2021\/09\/Bildungskonferenz_Diskussionsforum_1_Bild_LRA--845x684.jpg 845w\" sizes=\"auto, (max-width: 495px) 100vw, 495px\" \/><\/div><\/a><a href=\"https:\/\/www.lernreg.de\/wp-content\/uploads\/2021\/09\/Bildungskonferenz_Diskussionsforum_2_Bild_LRA-1030x773.jpg\" data-srcset=\"https:\/\/www.lernreg.de\/wp-content\/uploads\/2021\/09\/Bildungskonferenz_Diskussionsforum_2_Bild_LRA-1030x773.jpg 1030w, https:\/\/www.lernreg.de\/wp-content\/uploads\/2021\/09\/Bildungskonferenz_Diskussionsforum_2_Bild_LRA-300x225.jpg 300w, https:\/\/www.lernreg.de\/wp-content\/uploads\/2021\/09\/Bildungskonferenz_Diskussionsforum_2_Bild_LRA-768x576.jpg 768w, https:\/\/www.lernreg.de\/wp-content\/uploads\/2021\/09\/Bildungskonferenz_Diskussionsforum_2_Bild_LRA-1536x1152.jpg 1536w, https:\/\/www.lernreg.de\/wp-content\/uploads\/2021\/09\/Bildungskonferenz_Diskussionsforum_2_Bild_LRA-2048x1536.jpg 2048w, https:\/\/www.lernreg.de\/wp-content\/uploads\/2021\/09\/Bildungskonferenz_Diskussionsforum_2_Bild_LRA-1500x1125.jpg 1500w, https:\/\/www.lernreg.de\/wp-content\/uploads\/2021\/09\/Bildungskonferenz_Diskussionsforum_2_Bild_LRA-705x529.jpg 705w, https:\/\/www.lernreg.de\/wp-content\/uploads\/2021\/09\/Bildungskonferenz_Diskussionsforum_2_Bild_LRA-450x338.jpg 450w\" data-sizes=\"(max-width: 1030px) 100vw, 1030px\" data-rel='gallery-1' data-prev-img='https:\/\/www.lernreg.de\/wp-content\/uploads\/2021\/09\/Bildungskonferenz_Diskussionsforum_2_Bild_LRA-495x400.jpg' class='lightbox ' data-onclick='3' title='Bildungskonferenz_Diskussionsforum_2_Bild_LRA'  itemprop=\"thumbnailUrl\"  ><img decoding=\"async\" class=\"wp-image-3911 avia-img-lazy-loading-not-3911\"   src=\"https:\/\/www.lernreg.de\/wp-content\/uploads\/2021\/09\/Bildungskonferenz_Diskussionsforum_2_Bild_LRA-495x400.jpg\" width=\"495\" height=\"400\"  title='Bildungskonferenz_Diskussionsforum_2_Bild_LRA' alt='' srcset=\"https:\/\/www.lernreg.de\/wp-content\/uploads\/2021\/09\/Bildungskonferenz_Diskussionsforum_2_Bild_LRA-495x400.jpg 495w, https:\/\/www.lernreg.de\/wp-content\/uploads\/2021\/09\/Bildungskonferenz_Diskussionsforum_2_Bild_LRA-845x684.jpg 845w\" sizes=\"(max-width: 495px) 100vw, 495px\" \/><div class='big-prev-fake'><img loading=\"lazy\" decoding=\"async\" class=\"wp-image-3911 avia-img-lazy-loading-3911\"  width=\"495\" height=\"400\" src=\"https:\/\/www.lernreg.de\/wp-content\/uploads\/2021\/09\/Bildungskonferenz_Diskussionsforum_2_Bild_LRA-495x400.jpg\" title='Bildungskonferenz_Diskussionsforum_2_Bild_LRA' alt='' srcset=\"https:\/\/www.lernreg.de\/wp-content\/uploads\/2021\/09\/Bildungskonferenz_Diskussionsforum_2_Bild_LRA-495x400.jpg 495w, https:\/\/www.lernreg.de\/wp-content\/uploads\/2021\/09\/Bildungskonferenz_Diskussionsforum_2_Bild_LRA-845x684.jpg 845w\" sizes=\"auto, (max-width: 495px) 100vw, 495px\" \/><\/div><\/a><a href=\"https:\/\/www.lernreg.de\/wp-content\/uploads\/2021\/09\/Bildungskonferenz_Diskussionsforum_4_Bild_LRA-1030x773.jpg\" data-srcset=\"https:\/\/www.lernreg.de\/wp-content\/uploads\/2021\/09\/Bildungskonferenz_Diskussionsforum_4_Bild_LRA-1030x773.jpg 1030w, https:\/\/www.lernreg.de\/wp-content\/uploads\/2021\/09\/Bildungskonferenz_Diskussionsforum_4_Bild_LRA-300x225.jpg 300w, https:\/\/www.lernreg.de\/wp-content\/uploads\/2021\/09\/Bildungskonferenz_Diskussionsforum_4_Bild_LRA-768x576.jpg 768w, https:\/\/www.lernreg.de\/wp-content\/uploads\/2021\/09\/Bildungskonferenz_Diskussionsforum_4_Bild_LRA-1536x1152.jpg 1536w, https:\/\/www.lernreg.de\/wp-content\/uploads\/2021\/09\/Bildungskonferenz_Diskussionsforum_4_Bild_LRA-2048x1536.jpg 2048w, https:\/\/www.lernreg.de\/wp-content\/uploads\/2021\/09\/Bildungskonferenz_Diskussionsforum_4_Bild_LRA-1500x1125.jpg 1500w, https:\/\/www.lernreg.de\/wp-content\/uploads\/2021\/09\/Bildungskonferenz_Diskussionsforum_4_Bild_LRA-705x529.jpg 705w, https:\/\/www.lernreg.de\/wp-content\/uploads\/2021\/09\/Bildungskonferenz_Diskussionsforum_4_Bild_LRA-450x338.jpg 450w\" data-sizes=\"(max-width: 1030px) 100vw, 1030px\" data-rel='gallery-1' data-prev-img='https:\/\/www.lernreg.de\/wp-content\/uploads\/2021\/09\/Bildungskonferenz_Diskussionsforum_4_Bild_LRA-495x400.jpg' class='lightbox ' data-onclick='4' title='Bildungskonferenz_Diskussionsforum_4_Bild_LRA'  itemprop=\"thumbnailUrl\"  ><img decoding=\"async\" class=\"wp-image-3912 avia-img-lazy-loading-not-3912\"   src=\"https:\/\/www.lernreg.de\/wp-content\/uploads\/2021\/09\/Bildungskonferenz_Diskussionsforum_4_Bild_LRA-495x400.jpg\" width=\"495\" height=\"400\"  title='Bildungskonferenz_Diskussionsforum_4_Bild_LRA' alt='' srcset=\"https:\/\/www.lernreg.de\/wp-content\/uploads\/2021\/09\/Bildungskonferenz_Diskussionsforum_4_Bild_LRA-495x400.jpg 495w, https:\/\/www.lernreg.de\/wp-content\/uploads\/2021\/09\/Bildungskonferenz_Diskussionsforum_4_Bild_LRA-845x684.jpg 845w\" sizes=\"(max-width: 495px) 100vw, 495px\" \/><div class='big-prev-fake'><img loading=\"lazy\" decoding=\"async\" class=\"wp-image-3912 avia-img-lazy-loading-3912\"  width=\"495\" height=\"400\" src=\"https:\/\/www.lernreg.de\/wp-content\/uploads\/2021\/09\/Bildungskonferenz_Diskussionsforum_4_Bild_LRA-495x400.jpg\" title='Bildungskonferenz_Diskussionsforum_4_Bild_LRA' alt='' srcset=\"https:\/\/www.lernreg.de\/wp-content\/uploads\/2021\/09\/Bildungskonferenz_Diskussionsforum_4_Bild_LRA-495x400.jpg 495w, https:\/\/www.lernreg.de\/wp-content\/uploads\/2021\/09\/Bildungskonferenz_Diskussionsforum_4_Bild_LRA-845x684.jpg 845w\" sizes=\"auto, (max-width: 495px) 100vw, 495px\" \/><\/div><\/a><a href=\"https:\/\/www.lernreg.de\/wp-content\/uploads\/2021\/09\/Bildungskonferenz_Gerlinde_Beck_Bild_LRA-1-1030x773.jpg\" data-srcset=\"https:\/\/www.lernreg.de\/wp-content\/uploads\/2021\/09\/Bildungskonferenz_Gerlinde_Beck_Bild_LRA-1-1030x773.jpg 1030w, https:\/\/www.lernreg.de\/wp-content\/uploads\/2021\/09\/Bildungskonferenz_Gerlinde_Beck_Bild_LRA-1-300x225.jpg 300w, https:\/\/www.lernreg.de\/wp-content\/uploads\/2021\/09\/Bildungskonferenz_Gerlinde_Beck_Bild_LRA-1-768x576.jpg 768w, https:\/\/www.lernreg.de\/wp-content\/uploads\/2021\/09\/Bildungskonferenz_Gerlinde_Beck_Bild_LRA-1-1536x1152.jpg 1536w, https:\/\/www.lernreg.de\/wp-content\/uploads\/2021\/09\/Bildungskonferenz_Gerlinde_Beck_Bild_LRA-1-2048x1536.jpg 2048w, https:\/\/www.lernreg.de\/wp-content\/uploads\/2021\/09\/Bildungskonferenz_Gerlinde_Beck_Bild_LRA-1-1500x1125.jpg 1500w, https:\/\/www.lernreg.de\/wp-content\/uploads\/2021\/09\/Bildungskonferenz_Gerlinde_Beck_Bild_LRA-1-705x529.jpg 705w, https:\/\/www.lernreg.de\/wp-content\/uploads\/2021\/09\/Bildungskonferenz_Gerlinde_Beck_Bild_LRA-1-450x338.jpg 450w\" data-sizes=\"(max-width: 1030px) 100vw, 1030px\" data-rel='gallery-1' data-prev-img='https:\/\/www.lernreg.de\/wp-content\/uploads\/2021\/09\/Bildungskonferenz_Gerlinde_Beck_Bild_LRA-1-495x400.jpg' class='lightbox ' data-onclick='5' title='Bildungskonferenz_Gerlinde_Beck_Bild_LRA (1)'  itemprop=\"thumbnailUrl\"  ><img decoding=\"async\" class=\"wp-image-3913 avia-img-lazy-loading-not-3913\"   src=\"https:\/\/www.lernreg.de\/wp-content\/uploads\/2021\/09\/Bildungskonferenz_Gerlinde_Beck_Bild_LRA-1-495x400.jpg\" width=\"495\" height=\"400\"  title='Bildungskonferenz_Gerlinde_Beck_Bild_LRA (1)' alt='' srcset=\"https:\/\/www.lernreg.de\/wp-content\/uploads\/2021\/09\/Bildungskonferenz_Gerlinde_Beck_Bild_LRA-1-495x400.jpg 495w, https:\/\/www.lernreg.de\/wp-content\/uploads\/2021\/09\/Bildungskonferenz_Gerlinde_Beck_Bild_LRA-1-845x684.jpg 845w\" sizes=\"(max-width: 495px) 100vw, 495px\" \/><div class='big-prev-fake'><img loading=\"lazy\" decoding=\"async\" class=\"wp-image-3913 avia-img-lazy-loading-3913\"  width=\"495\" height=\"400\" src=\"https:\/\/www.lernreg.de\/wp-content\/uploads\/2021\/09\/Bildungskonferenz_Gerlinde_Beck_Bild_LRA-1-495x400.jpg\" title='Bildungskonferenz_Gerlinde_Beck_Bild_LRA (1)' alt='' srcset=\"https:\/\/www.lernreg.de\/wp-content\/uploads\/2021\/09\/Bildungskonferenz_Gerlinde_Beck_Bild_LRA-1-495x400.jpg 495w, https:\/\/www.lernreg.de\/wp-content\/uploads\/2021\/09\/Bildungskonferenz_Gerlinde_Beck_Bild_LRA-1-845x684.jpg 845w\" sizes=\"auto, (max-width: 495px) 100vw, 495px\" \/><\/div><\/a><a href=\"https:\/\/www.lernreg.de\/wp-content\/uploads\/2021\/09\/Bildungskonferenz_Inga_Tschirch_Bild_Rudolf_Hirsch-847x1030.jpg\" data-srcset=\"https:\/\/www.lernreg.de\/wp-content\/uploads\/2021\/09\/Bildungskonferenz_Inga_Tschirch_Bild_Rudolf_Hirsch-847x1030.jpg 847w, https:\/\/www.lernreg.de\/wp-content\/uploads\/2021\/09\/Bildungskonferenz_Inga_Tschirch_Bild_Rudolf_Hirsch-247x300.jpg 247w, https:\/\/www.lernreg.de\/wp-content\/uploads\/2021\/09\/Bildungskonferenz_Inga_Tschirch_Bild_Rudolf_Hirsch-768x934.jpg 768w, https:\/\/www.lernreg.de\/wp-content\/uploads\/2021\/09\/Bildungskonferenz_Inga_Tschirch_Bild_Rudolf_Hirsch-1263x1536.jpg 1263w, https:\/\/www.lernreg.de\/wp-content\/uploads\/2021\/09\/Bildungskonferenz_Inga_Tschirch_Bild_Rudolf_Hirsch-1685x2048.jpg 1685w, https:\/\/www.lernreg.de\/wp-content\/uploads\/2021\/09\/Bildungskonferenz_Inga_Tschirch_Bild_Rudolf_Hirsch-1234x1500.jpg 1234w, https:\/\/www.lernreg.de\/wp-content\/uploads\/2021\/09\/Bildungskonferenz_Inga_Tschirch_Bild_Rudolf_Hirsch-580x705.jpg 580w, https:\/\/www.lernreg.de\/wp-content\/uploads\/2021\/09\/Bildungskonferenz_Inga_Tschirch_Bild_Rudolf_Hirsch-450x547.jpg 450w\" data-sizes=\"(max-width: 847px) 100vw, 847px\" data-rel='gallery-1' data-prev-img='https:\/\/www.lernreg.de\/wp-content\/uploads\/2021\/09\/Bildungskonferenz_Inga_Tschirch_Bild_Rudolf_Hirsch-495x400.jpg' class='first_thumb lightbox ' data-onclick='6' title='Bildungskonferenz_Inga_Tschirch_Bild_Rudolf_Hirsch'  itemprop=\"thumbnailUrl\"  ><img decoding=\"async\" class=\"wp-image-3914 avia-img-lazy-loading-not-3914\"   src=\"https:\/\/www.lernreg.de\/wp-content\/uploads\/2021\/09\/Bildungskonferenz_Inga_Tschirch_Bild_Rudolf_Hirsch-495x400.jpg\" width=\"495\" height=\"400\"  title='Bildungskonferenz_Inga_Tschirch_Bild_Rudolf_Hirsch' alt='' srcset=\"https:\/\/www.lernreg.de\/wp-content\/uploads\/2021\/09\/Bildungskonferenz_Inga_Tschirch_Bild_Rudolf_Hirsch-495x400.jpg 495w, https:\/\/www.lernreg.de\/wp-content\/uploads\/2021\/09\/Bildungskonferenz_Inga_Tschirch_Bild_Rudolf_Hirsch-845x684.jpg 845w\" sizes=\"(max-width: 495px) 100vw, 495px\" \/><div class='big-prev-fake'><img loading=\"lazy\" decoding=\"async\" class=\"wp-image-3914 avia-img-lazy-loading-3914\"  width=\"495\" height=\"400\" src=\"https:\/\/www.lernreg.de\/wp-content\/uploads\/2021\/09\/Bildungskonferenz_Inga_Tschirch_Bild_Rudolf_Hirsch-495x400.jpg\" title='Bildungskonferenz_Inga_Tschirch_Bild_Rudolf_Hirsch' alt='' srcset=\"https:\/\/www.lernreg.de\/wp-content\/uploads\/2021\/09\/Bildungskonferenz_Inga_Tschirch_Bild_Rudolf_Hirsch-495x400.jpg 495w, https:\/\/www.lernreg.de\/wp-content\/uploads\/2021\/09\/Bildungskonferenz_Inga_Tschirch_Bild_Rudolf_Hirsch-845x684.jpg 845w\" sizes=\"auto, (max-width: 495px) 100vw, 495px\" \/><\/div><\/a><a href=\"https:\/\/www.lernreg.de\/wp-content\/uploads\/2021\/09\/Bildungskonferenz_Plenum_Bild_LRA-1-1030x773.jpg\" data-srcset=\"https:\/\/www.lernreg.de\/wp-content\/uploads\/2021\/09\/Bildungskonferenz_Plenum_Bild_LRA-1-1030x773.jpg 1030w, https:\/\/www.lernreg.de\/wp-content\/uploads\/2021\/09\/Bildungskonferenz_Plenum_Bild_LRA-1-300x225.jpg 300w, https:\/\/www.lernreg.de\/wp-content\/uploads\/2021\/09\/Bildungskonferenz_Plenum_Bild_LRA-1-768x576.jpg 768w, https:\/\/www.lernreg.de\/wp-content\/uploads\/2021\/09\/Bildungskonferenz_Plenum_Bild_LRA-1-1536x1152.jpg 1536w, https:\/\/www.lernreg.de\/wp-content\/uploads\/2021\/09\/Bildungskonferenz_Plenum_Bild_LRA-1-2048x1536.jpg 2048w, https:\/\/www.lernreg.de\/wp-content\/uploads\/2021\/09\/Bildungskonferenz_Plenum_Bild_LRA-1-1500x1125.jpg 1500w, https:\/\/www.lernreg.de\/wp-content\/uploads\/2021\/09\/Bildungskonferenz_Plenum_Bild_LRA-1-705x529.jpg 705w, https:\/\/www.lernreg.de\/wp-content\/uploads\/2021\/09\/Bildungskonferenz_Plenum_Bild_LRA-1-450x338.jpg 450w\" data-sizes=\"(max-width: 1030px) 100vw, 1030px\" data-rel='gallery-1' data-prev-img='https:\/\/www.lernreg.de\/wp-content\/uploads\/2021\/09\/Bildungskonferenz_Plenum_Bild_LRA-1-495x400.jpg' class='lightbox ' data-onclick='7' title='Bildungskonferenz_Plenum_Bild_LRA'  itemprop=\"thumbnailUrl\"  ><img decoding=\"async\" class=\"wp-image-3915 avia-img-lazy-loading-not-3915\"   src=\"https:\/\/www.lernreg.de\/wp-content\/uploads\/2021\/09\/Bildungskonferenz_Plenum_Bild_LRA-1-495x400.jpg\" width=\"495\" height=\"400\"  title='Bildungskonferenz_Plenum_Bild_LRA' alt='' srcset=\"https:\/\/www.lernreg.de\/wp-content\/uploads\/2021\/09\/Bildungskonferenz_Plenum_Bild_LRA-1-495x400.jpg 495w, https:\/\/www.lernreg.de\/wp-content\/uploads\/2021\/09\/Bildungskonferenz_Plenum_Bild_LRA-1-845x684.jpg 845w\" sizes=\"(max-width: 495px) 100vw, 495px\" \/><div class='big-prev-fake'><img loading=\"lazy\" decoding=\"async\" class=\"wp-image-3915 avia-img-lazy-loading-3915\"  width=\"495\" height=\"400\" src=\"https:\/\/www.lernreg.de\/wp-content\/uploads\/2021\/09\/Bildungskonferenz_Plenum_Bild_LRA-1-495x400.jpg\" title='Bildungskonferenz_Plenum_Bild_LRA' alt='' srcset=\"https:\/\/www.lernreg.de\/wp-content\/uploads\/2021\/09\/Bildungskonferenz_Plenum_Bild_LRA-1-495x400.jpg 495w, https:\/\/www.lernreg.de\/wp-content\/uploads\/2021\/09\/Bildungskonferenz_Plenum_Bild_LRA-1-845x684.jpg 845w\" sizes=\"auto, (max-width: 495px) 100vw, 495px\" \/><\/div><\/a><a href=\"https:\/\/www.lernreg.de\/wp-content\/uploads\/2021\/09\/Bildungskonferenz_Stephan_Anstadt_Bild_Rudolf_Hirsch-774x1030.jpg\" data-srcset=\"https:\/\/www.lernreg.de\/wp-content\/uploads\/2021\/09\/Bildungskonferenz_Stephan_Anstadt_Bild_Rudolf_Hirsch-774x1030.jpg 774w, https:\/\/www.lernreg.de\/wp-content\/uploads\/2021\/09\/Bildungskonferenz_Stephan_Anstadt_Bild_Rudolf_Hirsch-225x300.jpg 225w, https:\/\/www.lernreg.de\/wp-content\/uploads\/2021\/09\/Bildungskonferenz_Stephan_Anstadt_Bild_Rudolf_Hirsch-768x1022.jpg 768w, https:\/\/www.lernreg.de\/wp-content\/uploads\/2021\/09\/Bildungskonferenz_Stephan_Anstadt_Bild_Rudolf_Hirsch-1154x1536.jpg 1154w, https:\/\/www.lernreg.de\/wp-content\/uploads\/2021\/09\/Bildungskonferenz_Stephan_Anstadt_Bild_Rudolf_Hirsch-1539x2048.jpg 1539w, https:\/\/www.lernreg.de\/wp-content\/uploads\/2021\/09\/Bildungskonferenz_Stephan_Anstadt_Bild_Rudolf_Hirsch-1127x1500.jpg 1127w, https:\/\/www.lernreg.de\/wp-content\/uploads\/2021\/09\/Bildungskonferenz_Stephan_Anstadt_Bild_Rudolf_Hirsch-530x705.jpg 530w, https:\/\/www.lernreg.de\/wp-content\/uploads\/2021\/09\/Bildungskonferenz_Stephan_Anstadt_Bild_Rudolf_Hirsch-450x599.jpg 450w, https:\/\/www.lernreg.de\/wp-content\/uploads\/2021\/09\/Bildungskonferenz_Stephan_Anstadt_Bild_Rudolf_Hirsch-scaled.jpg 1924w\" data-sizes=\"(max-width: 774px) 100vw, 774px\" data-rel='gallery-1' data-prev-img='https:\/\/www.lernreg.de\/wp-content\/uploads\/2021\/09\/Bildungskonferenz_Stephan_Anstadt_Bild_Rudolf_Hirsch-495x400.jpg' class='lightbox ' data-onclick='8' title='Bildungskonferenz_Stephan_Anstadt_Bild_Rudolf_Hirsch'  itemprop=\"thumbnailUrl\"  ><img decoding=\"async\" class=\"wp-image-3916 avia-img-lazy-loading-not-3916\"   src=\"https:\/\/www.lernreg.de\/wp-content\/uploads\/2021\/09\/Bildungskonferenz_Stephan_Anstadt_Bild_Rudolf_Hirsch-495x400.jpg\" width=\"495\" height=\"400\"  title='Bildungskonferenz_Stephan_Anstadt_Bild_Rudolf_Hirsch' alt='' srcset=\"https:\/\/www.lernreg.de\/wp-content\/uploads\/2021\/09\/Bildungskonferenz_Stephan_Anstadt_Bild_Rudolf_Hirsch-495x400.jpg 495w, https:\/\/www.lernreg.de\/wp-content\/uploads\/2021\/09\/Bildungskonferenz_Stephan_Anstadt_Bild_Rudolf_Hirsch-845x684.jpg 845w\" sizes=\"(max-width: 495px) 100vw, 495px\" \/><div class='big-prev-fake'><img loading=\"lazy\" decoding=\"async\" class=\"wp-image-3916 avia-img-lazy-loading-3916\"  width=\"495\" height=\"400\" src=\"https:\/\/www.lernreg.de\/wp-content\/uploads\/2021\/09\/Bildungskonferenz_Stephan_Anstadt_Bild_Rudolf_Hirsch-495x400.jpg\" title='Bildungskonferenz_Stephan_Anstadt_Bild_Rudolf_Hirsch' alt='' srcset=\"https:\/\/www.lernreg.de\/wp-content\/uploads\/2021\/09\/Bildungskonferenz_Stephan_Anstadt_Bild_Rudolf_Hirsch-495x400.jpg 495w, https:\/\/www.lernreg.de\/wp-content\/uploads\/2021\/09\/Bildungskonferenz_Stephan_Anstadt_Bild_Rudolf_Hirsch-845x684.jpg 845w\" sizes=\"auto, (max-width: 495px) 100vw, 495px\" \/><\/div><\/a><\/div><\/div><\/div>\n\n<style type=\"text\/css\" data-created_by=\"avia_inline_auto\" id=\"style-css-av-av_one_half-c8fc129dc35fd1ae2a1e410224d39ea8\">\n.flex_column.av-av_one_half-c8fc129dc35fd1ae2a1e410224d39ea8{\n-webkit-border-radius:0px 0px 0px 0px;\n-moz-border-radius:0px 0px 0px 0px;\nborder-radius:0px 0px 0px 0px;\npadding:0px 0px 0px 0px;\n}\n<\/style>\n<div class='flex_column av-av_one_half-c8fc129dc35fd1ae2a1e410224d39ea8 av_one_half  avia-builder-el-4  el_after_av_one_half  avia-builder-el-last  flex_column_div av-zero-column-padding column-top-margin'     ><section  class='av_textblock_section av-av_textblock-2de302bf1aa3cf4c9157dbe6f50ac7eb'  itemscope=\"itemscope\" itemtype=\"https:\/\/schema.org\/BlogPosting\" itemprop=\"blogPost\" ><div class='avia_textblock'  itemprop=\"text\" ><ul class=\"csc-uploads csc-uploads-0\">\n<li class=\"li-odd li-first csc-uploads-element csc-uploads-element-pdf\"><span class=\"csc-uploads-fileName\"><a href=\"https:\/\/www.lernreg.de\/fileadmin\/user_upload\/Bildungskonferenzen\/Pr%C3%A4sentation_zum_Dualen_Studium_Agentur_f%C3%BCr_Arbeit.pdf\" target=\"_blank\" rel=\"noopener\">Pr\u00e4sentation zum Dualen Studium Agentur f\u00fcr Arbeit.pdf<\/a><\/span><\/li>\n<li class=\"li-even csc-uploads-element csc-uploads-element-pdf\"><span class=\"csc-uploads-fileName\"><a href=\"https:\/\/www.lernreg.de\/fileadmin\/user_upload\/Bildungskonferenzen\/Aktivit%C3%A4ten_und_Hilfen_zur_Eingliederung_Jugendlicher.pdf\" target=\"_blank\" rel=\"noopener\">Aktivit\u00e4ten und Hilfen zur Eingliederung Jugendlicher.pdf<\/a><\/span><\/li>\n<li class=\"li-odd csc-uploads-element csc-uploads-element-pdf\"><span class=\"csc-uploads-fileName\"><a href=\"https:\/\/www.lernreg.de\/fileadmin\/user_upload\/Bildungskonferenzen\/Strategien_Lehrlingsgewinnung_Handwerk_Sedlmaier.pdf\" target=\"_blank\" rel=\"noopener\">Strategien Lehrlingsgewinnung Handwerk Sedlmaier.pdf<\/a><\/span><\/li>\n<li class=\"li-even csc-uploads-element csc-uploads-element-pdf\"><span class=\"csc-uploads-fileName\"><a href=\"https:\/\/www.lernreg.de\/fileadmin\/user_upload\/Bildungskonferenzen\/Protokoll_zum_Diskussionsforum_1_%C3%9Cbergang_Schule-Beruf.pdf\" target=\"_blank\" rel=\"noopener\">Protokoll zum Diskussionsforum 1 \u00dcbergang Schule-Beruf.pdf<\/a><\/span><\/li>\n<li class=\"li-odd csc-uploads-element csc-uploads-element-pdf\"><span class=\"csc-uploads-fileName\"><a href=\"https:\/\/www.lernreg.de\/fileadmin\/user_upload\/Bildungskonferenzen\/Protokoll_zum_Diskussionsforum_2_Digitalisierung.pdf\" target=\"_blank\" rel=\"noopener\">Protokoll zum Diskussionsforum 2 Digitalisierung.pdf<\/a><\/span><\/li>\n<li class=\"li-even csc-uploads-element csc-uploads-element-pdf\"><span class=\"csc-uploads-fileName\"><a href=\"https:\/\/www.lernreg.de\/fileadmin\/user_upload\/Bildungskonferenzen\/Protokoll_zum_Diskussionsforum_3_Elternrolle.pdf\" target=\"_blank\" rel=\"noopener\">Protokoll zum Diskussionsforum 3 Elternrolle.pdf<\/a><\/span><\/li>\n<li class=\"li-odd csc-uploads-element csc-uploads-element-pdf\"><span class=\"csc-uploads-fileName\"><a href=\"https:\/\/www.lernreg.de\/fileadmin\/user_upload\/Bildungskonferenzen\/Protokoll_zum_Diskussionsforum_4_Duales_Studium_-_auch_ein_Weg_f%C3%BCrs_Handwerk.pdf\" target=\"_blank\" rel=\"noopener\">Protokoll zum Diskussionsforum 4 Duales Studium &#8211; auch ein Weg f\u00fcrs Handwerk.pdf<\/a><\/span><\/li>\n<\/ul>\n<h3>Ver\u00f6ffentlichungen:<\/h3>\n<p><a class=\"external-link-new-window\" title=\"Opens external link in new window\" href=\"https:\/\/www.onetz.de\/oberpfalz\/schwandorf\/neue-strategien-fuer-azubi-suche-id2401222.html\" target=\"_blank\" rel=\"noopener\">Neuer Tag vom 14.06.2018<\/a><\/p>\n<\/div><\/section><\/div>\n","protected":false},"excerpt":{"rendered":"","protected":false},"author":1,"featured_media":3908,"comment_status":"closed","ping_status":"closed","sticky":false,"template":"","format":"standard","meta":{"footnotes":""},"categories":[1,52],"tags":[],"class_list":["post-3907","post","type-post","status-publish","format-standard","has-post-thumbnail","hentry","category-allgemein","category-bildungskonferenzen"],"yoast_head":"<!-- This site is optimized with the Yoast SEO plugin v26.4 - https:\/\/yoast.com\/wordpress\/plugins\/seo\/ -->\n<title>3. Schwandorfer Bildungskonferenz am 12. Juni 2018 im Beruflichen Schulzentrum Oskar-von-Miller in Schwandorf - Lernende Region Schwandorf<\/title>\n<meta name=\"robots\" content=\"index, follow, max-snippet:-1, max-image-preview:large, max-video-preview:-1\" \/>\n<link rel=\"canonical\" href=\"https:\/\/www.lernreg.de\/index.php\/2018\/06\/12\/3-schwandorfer-bildungskonferenz-am-12-juni-2018-im-beruflichen-schulzentrum-oskar-von-miller-in-schwandorf\/\" \/>\n<meta property=\"og:locale\" content=\"de_DE\" \/>\n<meta property=\"og:type\" content=\"article\" \/>\n<meta property=\"og:title\" content=\"3. Schwandorfer Bildungskonferenz am 12. Juni 2018 im Beruflichen Schulzentrum Oskar-von-Miller in Schwandorf - Lernende Region Schwandorf\" \/>\n<meta property=\"og:url\" content=\"https:\/\/www.lernreg.de\/index.php\/2018\/06\/12\/3-schwandorfer-bildungskonferenz-am-12-juni-2018-im-beruflichen-schulzentrum-oskar-von-miller-in-schwandorf\/\" \/>\n<meta property=\"og:site_name\" content=\"Lernende Region Schwandorf\" \/>\n<meta property=\"article:published_time\" content=\"2018-06-12T14:30:20+00:00\" \/>\n<meta property=\"article:modified_time\" content=\"2021-09-30T15:06:13+00:00\" \/>\n<meta property=\"og:image\" content=\"https:\/\/www.lernreg.de\/wp-content\/uploads\/2021\/09\/Bildungskonferenz_Plenum_Bild_LRA-scaled.jpg\" \/>\n\t<meta property=\"og:image:width\" content=\"2560\" \/>\n\t<meta property=\"og:image:height\" content=\"1920\" \/>\n\t<meta property=\"og:image:type\" content=\"image\/jpeg\" \/>\n<meta name=\"author\" content=\"LernReg\" \/>\n<meta name=\"twitter:card\" content=\"summary_large_image\" \/>\n<meta name=\"twitter:label1\" content=\"Verfasst von\" \/>\n\t<meta name=\"twitter:data1\" content=\"LernReg\" \/>\n\t<meta name=\"twitter:label2\" content=\"Gesch\u00e4tzte Lesezeit\" \/>\n\t<meta name=\"twitter:data2\" content=\"2\u00a0Minuten\" \/>\n<script type=\"application\/ld+json\" class=\"yoast-schema-graph\">{\"@context\":\"https:\/\/schema.org\",\"@graph\":[{\"@type\":\"Article\",\"@id\":\"https:\/\/www.lernreg.de\/index.php\/2018\/06\/12\/3-schwandorfer-bildungskonferenz-am-12-juni-2018-im-beruflichen-schulzentrum-oskar-von-miller-in-schwandorf\/#article\",\"isPartOf\":{\"@id\":\"https:\/\/www.lernreg.de\/index.php\/2018\/06\/12\/3-schwandorfer-bildungskonferenz-am-12-juni-2018-im-beruflichen-schulzentrum-oskar-von-miller-in-schwandorf\/\"},\"author\":{\"name\":\"LernReg\",\"@id\":\"https:\/\/www.lernreg.de\/#\/schema\/person\/227b8b33a0ebfc2dbe1596acf4671ece\"},\"headline\":\"3. Schwandorfer Bildungskonferenz am 12. Juni 2018 im Beruflichen Schulzentrum Oskar-von-Miller in Schwandorf\",\"datePublished\":\"2018-06-12T14:30:20+00:00\",\"dateModified\":\"2021-09-30T15:06:13+00:00\",\"mainEntityOfPage\":{\"@id\":\"https:\/\/www.lernreg.de\/index.php\/2018\/06\/12\/3-schwandorfer-bildungskonferenz-am-12-juni-2018-im-beruflichen-schulzentrum-oskar-von-miller-in-schwandorf\/\"},\"wordCount\":302,\"publisher\":{\"@id\":\"https:\/\/www.lernreg.de\/#organization\"},\"image\":{\"@id\":\"https:\/\/www.lernreg.de\/index.php\/2018\/06\/12\/3-schwandorfer-bildungskonferenz-am-12-juni-2018-im-beruflichen-schulzentrum-oskar-von-miller-in-schwandorf\/#primaryimage\"},\"thumbnailUrl\":\"https:\/\/www.lernreg.de\/wp-content\/uploads\/2021\/09\/Bildungskonferenz_Plenum_Bild_LRA-scaled.jpg\",\"articleSection\":{\"1\":\"Bildungskonferenzen\"},\"inLanguage\":\"de\"},{\"@type\":\"WebPage\",\"@id\":\"https:\/\/www.lernreg.de\/index.php\/2018\/06\/12\/3-schwandorfer-bildungskonferenz-am-12-juni-2018-im-beruflichen-schulzentrum-oskar-von-miller-in-schwandorf\/\",\"url\":\"https:\/\/www.lernreg.de\/index.php\/2018\/06\/12\/3-schwandorfer-bildungskonferenz-am-12-juni-2018-im-beruflichen-schulzentrum-oskar-von-miller-in-schwandorf\/\",\"name\":\"3. Schwandorfer Bildungskonferenz am 12. Juni 2018 im Beruflichen Schulzentrum Oskar-von-Miller in Schwandorf - Lernende Region Schwandorf\",\"isPartOf\":{\"@id\":\"https:\/\/www.lernreg.de\/#website\"},\"primaryImageOfPage\":{\"@id\":\"https:\/\/www.lernreg.de\/index.php\/2018\/06\/12\/3-schwandorfer-bildungskonferenz-am-12-juni-2018-im-beruflichen-schulzentrum-oskar-von-miller-in-schwandorf\/#primaryimage\"},\"image\":{\"@id\":\"https:\/\/www.lernreg.de\/index.php\/2018\/06\/12\/3-schwandorfer-bildungskonferenz-am-12-juni-2018-im-beruflichen-schulzentrum-oskar-von-miller-in-schwandorf\/#primaryimage\"},\"thumbnailUrl\":\"https:\/\/www.lernreg.de\/wp-content\/uploads\/2021\/09\/Bildungskonferenz_Plenum_Bild_LRA-scaled.jpg\",\"datePublished\":\"2018-06-12T14:30:20+00:00\",\"dateModified\":\"2021-09-30T15:06:13+00:00\",\"breadcrumb\":{\"@id\":\"https:\/\/www.lernreg.de\/index.php\/2018\/06\/12\/3-schwandorfer-bildungskonferenz-am-12-juni-2018-im-beruflichen-schulzentrum-oskar-von-miller-in-schwandorf\/#breadcrumb\"},\"inLanguage\":\"de\",\"potentialAction\":[{\"@type\":\"ReadAction\",\"target\":[\"https:\/\/www.lernreg.de\/index.php\/2018\/06\/12\/3-schwandorfer-bildungskonferenz-am-12-juni-2018-im-beruflichen-schulzentrum-oskar-von-miller-in-schwandorf\/\"]}]},{\"@type\":\"ImageObject\",\"inLanguage\":\"de\",\"@id\":\"https:\/\/www.lernreg.de\/index.php\/2018\/06\/12\/3-schwandorfer-bildungskonferenz-am-12-juni-2018-im-beruflichen-schulzentrum-oskar-von-miller-in-schwandorf\/#primaryimage\",\"url\":\"https:\/\/www.lernreg.de\/wp-content\/uploads\/2021\/09\/Bildungskonferenz_Plenum_Bild_LRA-scaled.jpg\",\"contentUrl\":\"https:\/\/www.lernreg.de\/wp-content\/uploads\/2021\/09\/Bildungskonferenz_Plenum_Bild_LRA-scaled.jpg\",\"width\":2560,\"height\":1920},{\"@type\":\"BreadcrumbList\",\"@id\":\"https:\/\/www.lernreg.de\/index.php\/2018\/06\/12\/3-schwandorfer-bildungskonferenz-am-12-juni-2018-im-beruflichen-schulzentrum-oskar-von-miller-in-schwandorf\/#breadcrumb\",\"itemListElement\":[{\"@type\":\"ListItem\",\"position\":1,\"name\":\"Startseite\",\"item\":\"https:\/\/www.lernreg.de\/index.php\/homepage\/\"},{\"@type\":\"ListItem\",\"position\":2,\"name\":\"3. Schwandorfer Bildungskonferenz am 12. Juni 2018 im Beruflichen Schulzentrum Oskar-von-Miller in Schwandorf\"}]},{\"@type\":\"WebSite\",\"@id\":\"https:\/\/www.lernreg.de\/#website\",\"url\":\"https:\/\/www.lernreg.de\/\",\"name\":\"Lernende Region Schwandorf\",\"description\":\"Freiwilligenagentur, Bildung\",\"publisher\":{\"@id\":\"https:\/\/www.lernreg.de\/#organization\"},\"potentialAction\":[{\"@type\":\"SearchAction\",\"target\":{\"@type\":\"EntryPoint\",\"urlTemplate\":\"https:\/\/www.lernreg.de\/?s={search_term_string}\"},\"query-input\":{\"@type\":\"PropertyValueSpecification\",\"valueRequired\":true,\"valueName\":\"search_term_string\"}}],\"inLanguage\":\"de\"},{\"@type\":\"Organization\",\"@id\":\"https:\/\/www.lernreg.de\/#organization\",\"name\":\"Die Lernende Region Schwandorf e.V. ist ein regionales Netzwerk f\u00fcr den Landkreis Schwandorf mit den Schwerpunkten\u00a0Bildung\u00a0und\u00a0Ehrenamt: Im\u00a0Bildungsbereich\u00a0strebt die Lernende Region Schwandorf eine nachhaltige Verbesserung der Ausbildungs-, Besch\u00e4ftigungs- und Lebenssituation aller B\u00fcrgerinnen und B\u00fcrger\u00a0der Region an. Beispiele hierf\u00fcr sind die j\u00e4hrliche Bildungsmesse in Maxh\u00fctte-Haidhof sowie die Durchf\u00fchrung des Projekts \u201eMINT-Netzwerke Bayern\u201c.\",\"url\":\"https:\/\/www.lernreg.de\/\",\"logo\":{\"@type\":\"ImageObject\",\"inLanguage\":\"de\",\"@id\":\"https:\/\/www.lernreg.de\/#\/schema\/logo\/image\/\",\"url\":\"https:\/\/www.lernreg.de\/wp-content\/uploads\/2021\/08\/Logo-LernReg-transparent.png\",\"contentUrl\":\"https:\/\/www.lernreg.de\/wp-content\/uploads\/2021\/08\/Logo-LernReg-transparent.png\",\"width\":400,\"height\":228,\"caption\":\"Die Lernende Region Schwandorf e.V. ist ein regionales Netzwerk f\u00fcr den Landkreis Schwandorf mit den Schwerpunkten\u00a0Bildung\u00a0und\u00a0Ehrenamt: Im\u00a0Bildungsbereich\u00a0strebt die Lernende Region Schwandorf eine nachhaltige Verbesserung der Ausbildungs-, Besch\u00e4ftigungs- und Lebenssituation aller B\u00fcrgerinnen und B\u00fcrger\u00a0der Region an. Beispiele hierf\u00fcr sind die j\u00e4hrliche Bildungsmesse in Maxh\u00fctte-Haidhof sowie die Durchf\u00fchrung des Projekts \u201eMINT-Netzwerke Bayern\u201c.\"},\"image\":{\"@id\":\"https:\/\/www.lernreg.de\/#\/schema\/logo\/image\/\"}},{\"@type\":\"Person\",\"@id\":\"https:\/\/www.lernreg.de\/#\/schema\/person\/227b8b33a0ebfc2dbe1596acf4671ece\",\"name\":\"LernReg\",\"image\":{\"@type\":\"ImageObject\",\"inLanguage\":\"de\",\"@id\":\"https:\/\/www.lernreg.de\/#\/schema\/person\/image\/\",\"url\":\"https:\/\/secure.gravatar.com\/avatar\/904ae998438465e0862e532044f58656986830dc433f757b90cf352160d05946?s=96&d=mm&r=g\",\"contentUrl\":\"https:\/\/secure.gravatar.com\/avatar\/904ae998438465e0862e532044f58656986830dc433f757b90cf352160d05946?s=96&d=mm&r=g\",\"caption\":\"LernReg\"},\"sameAs\":[\"https:\/\/www.lernreg.de\/Neues%20Verzeichnis\/wordpress\"],\"url\":\"https:\/\/www.lernreg.de\/index.php\/author\/lernreg\/\"}]}<\/script>\n<!-- \/ Yoast SEO plugin. -->","yoast_head_json":{"title":"3. Schwandorfer Bildungskonferenz am 12. Juni 2018 im Beruflichen Schulzentrum Oskar-von-Miller in Schwandorf - Lernende Region Schwandorf","robots":{"index":"index","follow":"follow","max-snippet":"max-snippet:-1","max-image-preview":"max-image-preview:large","max-video-preview":"max-video-preview:-1"},"canonical":"https:\/\/www.lernreg.de\/index.php\/2018\/06\/12\/3-schwandorfer-bildungskonferenz-am-12-juni-2018-im-beruflichen-schulzentrum-oskar-von-miller-in-schwandorf\/","og_locale":"de_DE","og_type":"article","og_title":"3. Schwandorfer Bildungskonferenz am 12. Juni 2018 im Beruflichen Schulzentrum Oskar-von-Miller in Schwandorf - Lernende Region Schwandorf","og_url":"https:\/\/www.lernreg.de\/index.php\/2018\/06\/12\/3-schwandorfer-bildungskonferenz-am-12-juni-2018-im-beruflichen-schulzentrum-oskar-von-miller-in-schwandorf\/","og_site_name":"Lernende Region Schwandorf","article_published_time":"2018-06-12T14:30:20+00:00","article_modified_time":"2021-09-30T15:06:13+00:00","og_image":[{"width":2560,"height":1920,"url":"https:\/\/www.lernreg.de\/wp-content\/uploads\/2021\/09\/Bildungskonferenz_Plenum_Bild_LRA-scaled.jpg","type":"image\/jpeg"}],"author":"LernReg","twitter_card":"summary_large_image","twitter_misc":{"Verfasst von":"LernReg","Gesch\u00e4tzte Lesezeit":"2\u00a0Minuten"},"schema":{"@context":"https:\/\/schema.org","@graph":[{"@type":"Article","@id":"https:\/\/www.lernreg.de\/index.php\/2018\/06\/12\/3-schwandorfer-bildungskonferenz-am-12-juni-2018-im-beruflichen-schulzentrum-oskar-von-miller-in-schwandorf\/#article","isPartOf":{"@id":"https:\/\/www.lernreg.de\/index.php\/2018\/06\/12\/3-schwandorfer-bildungskonferenz-am-12-juni-2018-im-beruflichen-schulzentrum-oskar-von-miller-in-schwandorf\/"},"author":{"name":"LernReg","@id":"https:\/\/www.lernreg.de\/#\/schema\/person\/227b8b33a0ebfc2dbe1596acf4671ece"},"headline":"3. Schwandorfer Bildungskonferenz am 12. Juni 2018 im Beruflichen Schulzentrum Oskar-von-Miller in Schwandorf","datePublished":"2018-06-12T14:30:20+00:00","dateModified":"2021-09-30T15:06:13+00:00","mainEntityOfPage":{"@id":"https:\/\/www.lernreg.de\/index.php\/2018\/06\/12\/3-schwandorfer-bildungskonferenz-am-12-juni-2018-im-beruflichen-schulzentrum-oskar-von-miller-in-schwandorf\/"},"wordCount":302,"publisher":{"@id":"https:\/\/www.lernreg.de\/#organization"},"image":{"@id":"https:\/\/www.lernreg.de\/index.php\/2018\/06\/12\/3-schwandorfer-bildungskonferenz-am-12-juni-2018-im-beruflichen-schulzentrum-oskar-von-miller-in-schwandorf\/#primaryimage"},"thumbnailUrl":"https:\/\/www.lernreg.de\/wp-content\/uploads\/2021\/09\/Bildungskonferenz_Plenum_Bild_LRA-scaled.jpg","articleSection":{"1":"Bildungskonferenzen"},"inLanguage":"de"},{"@type":"WebPage","@id":"https:\/\/www.lernreg.de\/index.php\/2018\/06\/12\/3-schwandorfer-bildungskonferenz-am-12-juni-2018-im-beruflichen-schulzentrum-oskar-von-miller-in-schwandorf\/","url":"https:\/\/www.lernreg.de\/index.php\/2018\/06\/12\/3-schwandorfer-bildungskonferenz-am-12-juni-2018-im-beruflichen-schulzentrum-oskar-von-miller-in-schwandorf\/","name":"3. Schwandorfer Bildungskonferenz am 12. Juni 2018 im Beruflichen Schulzentrum Oskar-von-Miller in Schwandorf - Lernende Region Schwandorf","isPartOf":{"@id":"https:\/\/www.lernreg.de\/#website"},"primaryImageOfPage":{"@id":"https:\/\/www.lernreg.de\/index.php\/2018\/06\/12\/3-schwandorfer-bildungskonferenz-am-12-juni-2018-im-beruflichen-schulzentrum-oskar-von-miller-in-schwandorf\/#primaryimage"},"image":{"@id":"https:\/\/www.lernreg.de\/index.php\/2018\/06\/12\/3-schwandorfer-bildungskonferenz-am-12-juni-2018-im-beruflichen-schulzentrum-oskar-von-miller-in-schwandorf\/#primaryimage"},"thumbnailUrl":"https:\/\/www.lernreg.de\/wp-content\/uploads\/2021\/09\/Bildungskonferenz_Plenum_Bild_LRA-scaled.jpg","datePublished":"2018-06-12T14:30:20+00:00","dateModified":"2021-09-30T15:06:13+00:00","breadcrumb":{"@id":"https:\/\/www.lernreg.de\/index.php\/2018\/06\/12\/3-schwandorfer-bildungskonferenz-am-12-juni-2018-im-beruflichen-schulzentrum-oskar-von-miller-in-schwandorf\/#breadcrumb"},"inLanguage":"de","potentialAction":[{"@type":"ReadAction","target":["https:\/\/www.lernreg.de\/index.php\/2018\/06\/12\/3-schwandorfer-bildungskonferenz-am-12-juni-2018-im-beruflichen-schulzentrum-oskar-von-miller-in-schwandorf\/"]}]},{"@type":"ImageObject","inLanguage":"de","@id":"https:\/\/www.lernreg.de\/index.php\/2018\/06\/12\/3-schwandorfer-bildungskonferenz-am-12-juni-2018-im-beruflichen-schulzentrum-oskar-von-miller-in-schwandorf\/#primaryimage","url":"https:\/\/www.lernreg.de\/wp-content\/uploads\/2021\/09\/Bildungskonferenz_Plenum_Bild_LRA-scaled.jpg","contentUrl":"https:\/\/www.lernreg.de\/wp-content\/uploads\/2021\/09\/Bildungskonferenz_Plenum_Bild_LRA-scaled.jpg","width":2560,"height":1920},{"@type":"BreadcrumbList","@id":"https:\/\/www.lernreg.de\/index.php\/2018\/06\/12\/3-schwandorfer-bildungskonferenz-am-12-juni-2018-im-beruflichen-schulzentrum-oskar-von-miller-in-schwandorf\/#breadcrumb","itemListElement":[{"@type":"ListItem","position":1,"name":"Startseite","item":"https:\/\/www.lernreg.de\/index.php\/homepage\/"},{"@type":"ListItem","position":2,"name":"3. Schwandorfer Bildungskonferenz am 12. Juni 2018 im Beruflichen Schulzentrum Oskar-von-Miller in Schwandorf"}]},{"@type":"WebSite","@id":"https:\/\/www.lernreg.de\/#website","url":"https:\/\/www.lernreg.de\/","name":"Lernende Region Schwandorf","description":"Freiwilligenagentur, Bildung","publisher":{"@id":"https:\/\/www.lernreg.de\/#organization"},"potentialAction":[{"@type":"SearchAction","target":{"@type":"EntryPoint","urlTemplate":"https:\/\/www.lernreg.de\/?s={search_term_string}"},"query-input":{"@type":"PropertyValueSpecification","valueRequired":true,"valueName":"search_term_string"}}],"inLanguage":"de"},{"@type":"Organization","@id":"https:\/\/www.lernreg.de\/#organization","name":"Die Lernende Region Schwandorf e.V. ist ein regionales Netzwerk f\u00fcr den Landkreis Schwandorf mit den Schwerpunkten\u00a0Bildung\u00a0und\u00a0Ehrenamt: Im\u00a0Bildungsbereich\u00a0strebt die Lernende Region Schwandorf eine nachhaltige Verbesserung der Ausbildungs-, Besch\u00e4ftigungs- und Lebenssituation aller B\u00fcrgerinnen und B\u00fcrger\u00a0der Region an. Beispiele hierf\u00fcr sind die j\u00e4hrliche Bildungsmesse in Maxh\u00fctte-Haidhof sowie die Durchf\u00fchrung des Projekts \u201eMINT-Netzwerke Bayern\u201c.","url":"https:\/\/www.lernreg.de\/","logo":{"@type":"ImageObject","inLanguage":"de","@id":"https:\/\/www.lernreg.de\/#\/schema\/logo\/image\/","url":"https:\/\/www.lernreg.de\/wp-content\/uploads\/2021\/08\/Logo-LernReg-transparent.png","contentUrl":"https:\/\/www.lernreg.de\/wp-content\/uploads\/2021\/08\/Logo-LernReg-transparent.png","width":400,"height":228,"caption":"Die Lernende Region Schwandorf e.V. ist ein regionales Netzwerk f\u00fcr den Landkreis Schwandorf mit den Schwerpunkten\u00a0Bildung\u00a0und\u00a0Ehrenamt: Im\u00a0Bildungsbereich\u00a0strebt die Lernende Region Schwandorf eine nachhaltige Verbesserung der Ausbildungs-, Besch\u00e4ftigungs- und Lebenssituation aller B\u00fcrgerinnen und B\u00fcrger\u00a0der Region an. Beispiele hierf\u00fcr sind die j\u00e4hrliche Bildungsmesse in Maxh\u00fctte-Haidhof sowie die Durchf\u00fchrung des Projekts \u201eMINT-Netzwerke Bayern\u201c."},"image":{"@id":"https:\/\/www.lernreg.de\/#\/schema\/logo\/image\/"}},{"@type":"Person","@id":"https:\/\/www.lernreg.de\/#\/schema\/person\/227b8b33a0ebfc2dbe1596acf4671ece","name":"LernReg","image":{"@type":"ImageObject","inLanguage":"de","@id":"https:\/\/www.lernreg.de\/#\/schema\/person\/image\/","url":"https:\/\/secure.gravatar.com\/avatar\/904ae998438465e0862e532044f58656986830dc433f757b90cf352160d05946?s=96&d=mm&r=g","contentUrl":"https:\/\/secure.gravatar.com\/avatar\/904ae998438465e0862e532044f58656986830dc433f757b90cf352160d05946?s=96&d=mm&r=g","caption":"LernReg"},"sameAs":["https:\/\/www.lernreg.de\/Neues%20Verzeichnis\/wordpress"],"url":"https:\/\/www.lernreg.de\/index.php\/author\/lernreg\/"}]}},"_links":{"self":[{"href":"https:\/\/www.lernreg.de\/index.php\/wp-json\/wp\/v2\/posts\/3907","targetHints":{"allow":["GET"]}}],"collection":[{"href":"https:\/\/www.lernreg.de\/index.php\/wp-json\/wp\/v2\/posts"}],"about":[{"href":"https:\/\/www.lernreg.de\/index.php\/wp-json\/wp\/v2\/types\/post"}],"author":[{"embeddable":true,"href":"https:\/\/www.lernreg.de\/index.php\/wp-json\/wp\/v2\/users\/1"}],"replies":[{"embeddable":true,"href":"https:\/\/www.lernreg.de\/index.php\/wp-json\/wp\/v2\/comments?post=3907"}],"version-history":[{"count":5,"href":"https:\/\/www.lernreg.de\/index.php\/wp-json\/wp\/v2\/posts\/3907\/revisions"}],"predecessor-version":[{"id":3940,"href":"https:\/\/www.lernreg.de\/index.php\/wp-json\/wp\/v2\/posts\/3907\/revisions\/3940"}],"wp:featuredmedia":[{"embeddable":true,"href":"https:\/\/www.lernreg.de\/index.php\/wp-json\/wp\/v2\/media\/3908"}],"wp:attachment":[{"href":"https:\/\/www.lernreg.de\/index.php\/wp-json\/wp\/v2\/media?parent=3907"}],"wp:term":[{"taxonomy":"category","embeddable":true,"href":"https:\/\/www.lernreg.de\/index.php\/wp-json\/wp\/v2\/categories?post=3907"},{"taxonomy":"post_tag","embeddable":true,"href":"https:\/\/www.lernreg.de\/index.php\/wp-json\/wp\/v2\/tags?post=3907"}],"curies":[{"name":"wp","href":"https:\/\/api.w.org\/{rel}","templated":true}]}}